{"id":438890,"date":"2016-10-27T17:29:15","date_gmt":"2016-10-27T22:29:15","guid":{"rendered":"https:\/\/www.futboltotal.com.mx\/?p=438890"},"modified":"2016-10-27T17:29:48","modified_gmt":"2016-10-27T22:29:48","slug":"decio-maria-segundo-vicepresidente-del-com","status":"publish","type":"post","link":"http:\/\/desarrollo.grupomedios.com\/futbol\/futbol-mexicano\/decio-maria-segundo-vicepresidente-del-com\/2016\/10","title":{"rendered":"Le sale otro negocio a Decio de Mar\u00eda"},"content":{"rendered":"<p>El presidente de la Federaci\u00f3n Mexicana de Futbol, <strong>Decio de Mar\u00eda<\/strong>, ya no s\u00f3lo se encargar\u00e1 de promover y administrar el balompi\u00e9 nacional, tambi\u00e9n colaborar\u00e1 con el resto de los deportes del pa\u00eds, pues hoy fue elegido para formar parte del <strong>Comit\u00e9 Ol\u00edmpico Mexicano<\/strong>.<\/p>\n<p>El Comit\u00e9 Ejectutivo del <strong>COM<\/strong>, ser\u00e1 presidido por Carlos Padilla, con Jimena Salda\u00f1a y <strong>Decio de Mar\u00eda<\/strong>, como primero y segundo vicepresidente, respectivamente; para el periodo de 2016 a 2010.<\/p>\n<blockquote class=\"twitter-tweet\" data-lang=\"es\">\n<p dir=\"ltr\" lang=\"es\">(&#8230;) Primer Vicepresidente, Jimena Salda\u00f1a; Segundo Vicepresidente, Decio de Mar\u00eda; Secretario General, Mario Garc\u00eda de la Torre (&#8230;) <a href=\"https:\/\/t.co\/oQjfTR1XMt\">pic.twitter.com\/oQjfTR1XMt<\/a><\/p>\n<p>\u2014 Comit\u00e9 Ol\u00edmpico MEX (@COM_Mexico) <a href=\"https:\/\/twitter.com\/COM_Mexico\/status\/791728449551413248\">27 de octubre de 2016<\/a><\/p><\/blockquote>\n<p><script async src=\"\/\/platform.twitter.com\/widgets.js\" charset=\"utf-8\"><\/script><\/p>\n<p style=\"text-align: center;\"><span style=\"color: #3366ff;\"><a style=\"color: #3366ff;\" href=\"https:\/\/www.futboltotal.com.mx\/2016\/10\/hallan-a-aficionada-desaparecida-en-tijuana\/\" target=\"_blank\"><strong>LEER M\u00c1S: Hallan a aficionada desaparecida durante juego de Xolos<\/strong><\/a><\/span><\/p>\n<p>El Comit\u00e9 Ejecutivo del <strong>COM<\/strong>, qued\u00f3 integrado de la siguiente manera:<\/p>\n<p>Carlos Padilla, presidente<br \/>\nJimena Salda\u00f1a, primer vicepresidente<br \/>\n<strong>Decio de Mar\u00eda<\/strong>, segundo vicepresidente<br \/>\nMario Garc\u00eda, secretario general<br \/>\nPedro Cuervo, pro secretario<br \/>\nPablo Suinaga, Tesorero<br \/>\nCarmen Garc\u00eda, primer vocal<br \/>\nJuan Manzo, segundo vocal<br \/>\nSa\u00fal Castro, tercer vocal<br \/>\nFrancisco Echeguren, cuarto vocal<br \/>\nLaura S\u00e1nchez, vocal deportista<\/p>\n<blockquote class=\"twitter-tweet\" data-lang=\"es\">\n<p dir=\"ltr\" lang=\"es\">Toma de protesta del nuevo Comit\u00e9 Ejecutivo del COM que presidir\u00e1 Carlos Padilla (2016-2020), aprobado por la Asamblea General del organismo <a href=\"https:\/\/t.co\/72UCAKKrSA\">pic.twitter.com\/72UCAKKrSA<\/a><\/p>\n<p>\u2014 Comit\u00e9 Ol\u00edmpico MEX (@COM_Mexico) <a href=\"https:\/\/twitter.com\/COM_Mexico\/status\/791730218503315456\">27 de octubre de 2016<\/a><\/p><\/blockquote>\n<p><script async src=\"\/\/platform.twitter.com\/widgets.js\" charset=\"utf-8\"><\/script><\/p>\n<blockquote class=\"twitter-tweet\" data-lang=\"es\">\n<p dir=\"ltr\" lang=\"es\">Olegario V\u00e1zquez Ra\u00f1a, Miembro COI, clausur\u00f3 los trabajos de la Asamblea General, en la que se eligi\u00f3 al nuevo Comit\u00e9 Ejecutivo del COM <a href=\"https:\/\/t.co\/FZhR5DO042\">pic.twitter.com\/FZhR5DO042<\/a><\/p>\n<p>\u2014 Comit\u00e9 Ol\u00edmpico MEX (@COM_Mexico) <a href=\"https:\/\/twitter.com\/COM_Mexico\/status\/791733694079774720\">27 de octubre de 2016<\/a><\/p><\/blockquote>\n<p><script async src=\"\/\/platform.twitter.com\/widgets.js\" charset=\"utf-8\"><\/script><\/p>\n<blockquote class=\"twitter-tweet\" data-lang=\"es\">\n<p dir=\"ltr\" lang=\"es\">Imagen del recuerdo al concluir los trabajos de la Asamblea General, en la que se eligi\u00f3 al nuevo Comit\u00e9 Ejecutivo del COM <a href=\"https:\/\/t.co\/xfaXCjfYbE\">pic.twitter.com\/xfaXCjfYbE<\/a><\/p>\n<p>\u2014 Comit\u00e9 Ol\u00edmpico MEX (@COM_Mexico) <a href=\"https:\/\/twitter.com\/COM_Mexico\/status\/791740925592698880\">27 de octubre de 2016<\/a><\/p><\/blockquote>\n<p><script async src=\"\/\/platform.twitter.com\/widgets.js\" charset=\"utf-8\"><\/script><\/p>\n","protected":false},"excerpt":{"rendered":"<p>El funcionario formar\u00e1 parte del Comit\u00e9 Ol\u00edmpico Mexicano<\/p>\n","protected":false},"author":20,"featured_media":438892,"comment_status":"closed","ping_status":"closed","sticky":false,"template":"","format":"standard","meta":[],"categories":[5419,2198,6411,5950],"tags":[956,5461],"_links":{"self":[{"href":"http:\/\/desarrollo.grupomedios.com\/futbol\/wp-json\/wp\/v2\/posts\/438890"}],"collection":[{"href":"http:\/\/desarrollo.grupomedios.com\/futbol\/wp-json\/wp\/v2\/posts"}],"about":[{"href":"http:\/\/desarrollo.grupomedios.com\/futbol\/wp-json\/wp\/v2\/types\/post"}],"author":[{"embeddable":true,"href":"http:\/\/desarrollo.grupomedios.com\/futbol\/wp-json\/wp\/v2\/users\/20"}],"replies":[{"embeddable":true,"href":"http:\/\/desarrollo.grupomedios.com\/futbol\/wp-json\/wp\/v2\/comments?post=438890"}],"version-history":[{"count":0,"href":"http:\/\/desarrollo.grupomedios.com\/futbol\/wp-json\/wp\/v2\/posts\/438890\/revisions"}],"wp:featuredmedia":[{"embeddable":true,"href":"http:\/\/desarrollo.grupomedios.com\/futbol\/wp-json\/wp\/v2\/media\/438892"}],"wp:attachment":[{"href":"http:\/\/desarrollo.grupomedios.com\/futbol\/wp-json\/wp\/v2\/media?parent=438890"}],"wp:term":[{"taxonomy":"category","embeddable":true,"href":"http:\/\/desarrollo.grupomedios.com\/futbol\/wp-json\/wp\/v2\/categories?post=438890"},{"taxonomy":"post_tag","embeddable":true,"href":"http:\/\/desarrollo.grupomedios.com\/futbol\/wp-json\/wp\/v2\/tags?post=438890"}],"curies":[{"name":"wp","href":"https:\/\/api.w.org\/{rel}","templated":true}]}}