{"id":438910,"date":"2016-10-27T19:04:40","date_gmt":"2016-10-28T00:04:40","guid":{"rendered":"https:\/\/www.futboltotal.com.mx\/?p=438910"},"modified":"2016-10-27T19:05:04","modified_gmt":"2016-10-28T00:05:04","slug":"hermano-billy-alvarez-nuevo-vicepresidente-del-cruz-azul","status":"publish","type":"post","link":"http:\/\/desarrollo.grupomedios.com\/futbol\/futbol-mexicano\/hermano-billy-alvarez-nuevo-vicepresidente-del-cruz-azul\/2016\/10","title":{"rendered":"Cruz Azul tiene nuevo vicepresidente deportivo"},"content":{"rendered":"<p>En agosto trascendi\u00f3 que <strong>Guillermo \u00c1lvarez<\/strong> podr\u00eda dejar la presidencia del <a href=\"http:\/\/futboltotal.com.mx\/equipos\/cruz-azul\/\" target=\"_blank\"><strong>Cruz Azul<\/strong><\/a>, posibilidad que alegr\u00f3 a la afici\u00f3n, la cual culpa al dirigente de la sequ\u00eda del club, sin embargo, <a href=\"https:\/\/www.futboltotal.com.mx\/2016\/10\/siempre-billy-alvarez-se-queda-en-cruz-azul\/\" target=\"_blank\"><em>Billy<\/em> advirti\u00f3 que no planea renunciar<\/a> e incluso nombr\u00f3 a su hermano, <strong>Alfredo \u00c1lvarez<\/strong> como vicepresidente deportivo.<\/p>\n<p>De acuerdo con un reporte de <em>ESPN<\/em>, Alfredo tomar\u00e1 dicho cargo tanto en lo operativo como en lo deportivo, por ende, quedar\u00e1 en los \u00c1lvarez determinar qui\u00e9n agarrar\u00e1\u00a0las riendas de la M\u00e1quina de cara al Clausura 2017 en el cual debe mejorar para no empeorar su situaci\u00f3n con el descenso.<\/p>\n<blockquote class=\"twitter-tweet\" data-lang=\"es\">\n<p dir=\"ltr\" lang=\"es\">Aqu\u00ed la respuesta de la <a href=\"https:\/\/twitter.com\/hashtag\/TriviaAzul?src=hash\">#TriviaAzul<\/a> &#x1f44a; <a href=\"https:\/\/twitter.com\/hashtag\/AzulEsTodo?src=hash\">#AzulEsTodo<\/a> <a href=\"https:\/\/t.co\/O2pfgwaLER\">pic.twitter.com\/O2pfgwaLER<\/a><\/p>\n<p>\u2014 CRUZ AZUL FC \u00ae (@Cruz_Azul_FC) <a href=\"https:\/\/twitter.com\/Cruz_Azul_FC\/status\/791346336759222272\">26 de octubre de 2016<\/a><\/p><\/blockquote>\n<p><script async src=\"\/\/platform.twitter.com\/widgets.js\" charset=\"utf-8\"><\/script><\/p>\n<p><strong>Cruz Azul<\/strong> marcha en el decimotercer puesto de la clasificaci\u00f3n y si bien quedan nueve puntos por pelear en el Apertura 2016, las posibilidades para meterse a Liguilla son m\u00ednimas.<\/p>\n<p><span style=\"color: #ff0000;\"><strong>VIDEO<\/strong>: Agenda de TV de la jornada 15<\/span><br \/>\n[video_player]https:\/\/player.vimeo.com\/external\/189040062.sd.mp4?s=646279edca4e79fd28e39d3f62071d5c0c2610a7&amp;profile_id=165[\/video_player]<\/p>\n","protected":false},"excerpt":{"rendered":"<p>Alfredo \u00c1lvarez volver\u00e1 a la M\u00e1quina<\/p>\n","protected":false},"author":20,"featured_media":438912,"comment_status":"closed","ping_status":"closed","sticky":false,"template":"","format":"standard","meta":[],"categories":[2198,3845,5950],"tags":[5962],"_links":{"self":[{"href":"http:\/\/desarrollo.grupomedios.com\/futbol\/wp-json\/wp\/v2\/posts\/438910"}],"collection":[{"href":"http:\/\/desarrollo.grupomedios.com\/futbol\/wp-json\/wp\/v2\/posts"}],"about":[{"href":"http:\/\/desarrollo.grupomedios.com\/futbol\/wp-json\/wp\/v2\/types\/post"}],"author":[{"embeddable":true,"href":"http:\/\/desarrollo.grupomedios.com\/futbol\/wp-json\/wp\/v2\/users\/20"}],"replies":[{"embeddable":true,"href":"http:\/\/desarrollo.grupomedios.com\/futbol\/wp-json\/wp\/v2\/comments?post=438910"}],"version-history":[{"count":0,"href":"http:\/\/desarrollo.grupomedios.com\/futbol\/wp-json\/wp\/v2\/posts\/438910\/revisions"}],"wp:featuredmedia":[{"embeddable":true,"href":"http:\/\/desarrollo.grupomedios.com\/futbol\/wp-json\/wp\/v2\/media\/438912"}],"wp:attachment":[{"href":"http:\/\/desarrollo.grupomedios.com\/futbol\/wp-json\/wp\/v2\/media?parent=438910"}],"wp:term":[{"taxonomy":"category","embeddable":true,"href":"http:\/\/desarrollo.grupomedios.com\/futbol\/wp-json\/wp\/v2\/categories?post=438910"},{"taxonomy":"post_tag","embeddable":true,"href":"http:\/\/desarrollo.grupomedios.com\/futbol\/wp-json\/wp\/v2\/tags?post=438910"}],"curies":[{"name":"wp","href":"https:\/\/api.w.org\/{rel}","templated":true}]}}