{"id":438973,"date":"2016-10-28T09:46:52","date_gmt":"2016-10-28T14:46:52","guid":{"rendered":"https:\/\/www.futboltotal.com.mx\/?p=438973"},"modified":"2016-10-28T09:46:52","modified_gmt":"2016-10-28T14:46:52","slug":"real-madrid-queria-a-guardiola-entrenador","status":"publish","type":"post","link":"http:\/\/desarrollo.grupomedios.com\/futbol\/futbol-internacional\/real-madrid-queria-a-guardiola-entrenador\/2016\/10","title":{"rendered":"Real Madrid quer\u00eda fichar a Guardiola como entrenador"},"content":{"rendered":"<p>Puede que Pep <strong>Guardiola<\/strong> sea hoy el director t\u00e9cnico del Manchester City y que haya pasado las tres campa\u00f1as anteriores en el Bayern M\u00fanich, pero no cabe duda que su nombre estar\u00e1 siempre asociado al Barcelona.<\/p>\n<p><strong>Guardiola<\/strong> est\u00e1 claramente identificado como un emblema del Barcelona, tanto por el hecho de haber surgido como jugador de su academia, como por haber marcado una \u00e9poca esplendorosa en el club como director t\u00e9cnico.<\/p>\n<p style=\"text-align: center;\"><a href=\"https:\/\/www.futboltotal.com.mx\/2016\/10\/guardiola-pide-tiempo-adaptarse-a-la-premier\/\" target=\"_blank\"><span style=\"color: #3366ff;\"><strong>LEER M\u00c1S: Guardiola pide tiempo para adaptarse a la Premier<\/strong><\/span><\/a><\/p>\n<p>Por ello, resulta imposible imaginar a Pep como parte del n\u00e9mesis <em>Cul\u00e9<\/em>: el Real Madrid, escuadra con la que ha mantenido siempre una gran rivalidad. No obstante, parece que los <em>Merengues<\/em> estuvieron considerando en alg\u00fan momento llamar a <strong>Guardiola<\/strong> para que los dirigiera. Eso ocurri\u00f3 cuando Rafa Ben\u00edtez era el t\u00e9cnico <em>Blanco<\/em>.<\/p>\n<p>As\u00ed lo revel\u00f3 el bi\u00f3grafo del t\u00e9cnico catal\u00e1n, Mart\u00ed Perarn\u00e1u, en una entrevista concedida a La Sexta. \u201cCuando Ben\u00edtez estaba en una situaci\u00f3n dif\u00edcil en el Real Madrid s\u00ed hubo un contacto, una aproximaci\u00f3n para ver qu\u00e9 iba a hacer despu\u00e9s del Bayern\u201d.<\/p>\n<p style=\"text-align: center;\"><a href=\"https:\/\/www.futboltotal.com.mx\/2016\/10\/guardiola-vive-su-peor-racha-como-entrenador\/\" target=\"_blank\"><span style=\"color: #3366ff;\"><strong>LEER M\u00c1S: Guardiola vive su peor racha como entrenador<\/strong><\/span><\/a><\/p>\n<p>De acuerdo con Perarn\u00e1u, <strong>Guardiola<\/strong> descart\u00f3 la opci\u00f3n de inmediato: \u201cEl representante se lo transmite a Pep, quien responde que se marcha al Manchester City y que no est\u00e1 para escuchar propuestas de nadie\u201d.<\/p>\n<p>El propio <strong>Guardiola<\/strong> se refiri\u00f3 al tema en la rueda de prensa que ofreci\u00f3 previo al juego del City este fin de semana, ante el West Brom, y dej\u00f3 muy clara su posici\u00f3n: \u201cSoy seguidor del Barcelona. Ni al Madrid le conviene un t\u00e9cnico como yo, ni yo ir\u00eda\u201d.<\/p>\n","protected":false},"excerpt":{"rendered":"<p>Pep Guardiola estuvo en la mira del Real Madrid, pero aclar\u00f3 que es seguidor del Barcelona y ni a \u00e9l ni al cuadro Blanco les convendr\u00eda unirse<\/p>\n","protected":false},"author":20,"featured_media":434655,"comment_status":"closed","ping_status":"closed","sticky":false,"template":"","format":"standard","meta":[],"categories":[3839,3844,3846,5951],"tags":[5984,2450,2510,2048,5993,1791,5988],"_links":{"self":[{"href":"http:\/\/desarrollo.grupomedios.com\/futbol\/wp-json\/wp\/v2\/posts\/438973"}],"collection":[{"href":"http:\/\/desarrollo.grupomedios.com\/futbol\/wp-json\/wp\/v2\/posts"}],"about":[{"href":"http:\/\/desarrollo.grupomedios.com\/futbol\/wp-json\/wp\/v2\/types\/post"}],"author":[{"embeddable":true,"href":"http:\/\/desarrollo.grupomedios.com\/futbol\/wp-json\/wp\/v2\/users\/20"}],"replies":[{"embeddable":true,"href":"http:\/\/desarrollo.grupomedios.com\/futbol\/wp-json\/wp\/v2\/comments?post=438973"}],"version-history":[{"count":0,"href":"http:\/\/desarrollo.grupomedios.com\/futbol\/wp-json\/wp\/v2\/posts\/438973\/revisions"}],"wp:featuredmedia":[{"embeddable":true,"href":"http:\/\/desarrollo.grupomedios.com\/futbol\/wp-json\/wp\/v2\/media\/434655"}],"wp:attachment":[{"href":"http:\/\/desarrollo.grupomedios.com\/futbol\/wp-json\/wp\/v2\/media?parent=438973"}],"wp:term":[{"taxonomy":"category","embeddable":true,"href":"http:\/\/desarrollo.grupomedios.com\/futbol\/wp-json\/wp\/v2\/categories?post=438973"},{"taxonomy":"post_tag","embeddable":true,"href":"http:\/\/desarrollo.grupomedios.com\/futbol\/wp-json\/wp\/v2\/tags?post=438973"}],"curies":[{"name":"wp","href":"https:\/\/api.w.org\/{rel}","templated":true}]}}