{"id":438977,"date":"2016-12-20T09:37:47","date_gmt":"2016-12-20T15:37:47","guid":{"rendered":"https:\/\/www.futboltotal.com.mx\/?p=438977"},"modified":"2016-12-20T09:50:13","modified_gmt":"2016-12-20T15:50:13","slug":"los-clubes-del-mundo-centenario","status":"publish","type":"post","link":"http:\/\/desarrollo.grupomedios.com\/futbol\/destacado-home\/los-clubes-del-mundo-centenario\/2016\/12","title":{"rendered":"\u00bfAm\u00e9rica est\u00e1 a la altura de otros clubes en su Centenario?"},"content":{"rendered":"<p>Tras la finalizaci\u00f3n del Mundial de Clubes, donde qued\u00f3 en la cuarta posici\u00f3n tras caer en penales con el Atl\u00e9tico Nacional de Colombia, el Am\u00e9rica tendr\u00e1 su \u00faltima oportunidad en la Final de la Liga MX.<\/p>\n<p>En el partido ante Tigres , las \u00c1guilas tendr\u00e1n la oportunidad de conseguir el ansiado t\u00edtulo en los festejos de su Centenario, pues ahora ser\u00e1 m\u00e1s que una obligaci\u00f3n llevarse el t\u00edtulo luego de no conseguir el de la Copa MX ni tener una buena participaci\u00f3n en el Mundial de Clubes.<\/p>\n<p>Pero las\u00a0<em>\u00c1guilas\u00a0<\/em>no son el \u00fanico equipo que ha sufrido en su celebraci\u00f3n de 100 a\u00f1os, pues clubes como el Manchester United y el Real Madrid tambi\u00e9n la pasaron mal en su celebraci\u00f3n. Por ello, en Futbol Total, te decimos c\u00f3mo les ha ido a otros clubes en su <strong>Centenario<\/strong>.<\/p>\n<p style=\"text-align: center;\"><span style=\"color: #3366ff;\"><a style=\"color: #3366ff;\" href=\"https:\/\/www.futboltotal.com.mx\/2016\/12\/madrid-lider-en-lo-deportivo-lo-economico-lo-social-florentino\/\">LEER M\u00c1S: Madrid es l\u00edder en lo deportivo, lo econ\u00f3mico y lo social: Florentino<\/a><\/span><\/p>\n<p><a href=\"https:\/\/www.futboltotal.com.mx\/wp-content\/uploads\/2016\/10\/america-centenario-noticias-1.jpg\"><img decoding=\"async\" loading=\"lazy\" class=\"size-full wp-image-449981 aligncenter\" src=\"https:\/\/www.futboltotal.com.mx\/wp-content\/uploads\/2016\/10\/america-centenario-noticias-1.jpg\" alt=\"america-centenario-noticias\" srcset=\"http:\/\/desarrollo.grupomedios.com\/futbol\/wp-content\/uploads\/2016\/10\/america-centenario-noticias-1.jpg 858w, http:\/\/desarrollo.grupomedios.com\/futbol\/wp-content\/uploads\/2016\/10\/america-centenario-noticias-1-239x300.jpg 239w, http:\/\/desarrollo.grupomedios.com\/futbol\/wp-content\/uploads\/2016\/10\/america-centenario-noticias-1-768x966.jpg 768w, http:\/\/desarrollo.grupomedios.com\/futbol\/wp-content\/uploads\/2016\/10\/america-centenario-noticias-1-814x1024.jpg 814w\" sizes=\"(max-width: 858px) 100vw, 858px\" \/><\/a><\/p>\n<p>Los ingleses no ganaron ning\u00fan t\u00edtulo y el conjunto\u00a0<em>Merengue\u00a0<\/em>tuvo un rev\u00e9s el pleno d\u00eda de su centenario, pues perdieron la Final de la Copa del Rey ante el Deportivo La Coru\u00f1a en el Santiago Bernab\u00e9u y no pudieron celebrar en casa, aunque despu\u00e9s se llevaron la Champions League.<\/p>\n<p>Un caso curioso es que casi todos los equipos fueron campeones de liga en su <strong>Centenario<\/strong> y pudieron lograr el doblete, pero solo el Real Madrid y el Am\u00e9rica han podido ganar sus torneos continentales en sus festejos, claro, sin comparar la Champions League con la Concachampions.<\/p>\n<p>Tras la finalizaci\u00f3n del Mundial de Clubes, donde qued\u00f3 en la cuarta posici\u00f3n tras caer en penales con el Atl\u00e9tico Nacional de Colombia, el Am\u00e9rica tendr\u00e1 su \u00faltima oportunidad en la Final de la Liga MX.<\/p>\n","protected":false},"excerpt":{"rendered":"<p>\u00bfC\u00f3mo le ha ido a otros clubes en su centenario?<\/p>\n","protected":false},"author":129,"featured_media":438984,"comment_status":"closed","ping_status":"closed","sticky":false,"template":"","format":"standard","meta":[],"categories":[5,3839],"tags":[5959,1683,6662,5988],"_links":{"self":[{"href":"http:\/\/desarrollo.grupomedios.com\/futbol\/wp-json\/wp\/v2\/posts\/438977"}],"collection":[{"href":"http:\/\/desarrollo.grupomedios.com\/futbol\/wp-json\/wp\/v2\/posts"}],"about":[{"href":"http:\/\/desarrollo.grupomedios.com\/futbol\/wp-json\/wp\/v2\/types\/post"}],"author":[{"embeddable":true,"href":"http:\/\/desarrollo.grupomedios.com\/futbol\/wp-json\/wp\/v2\/users\/129"}],"replies":[{"embeddable":true,"href":"http:\/\/desarrollo.grupomedios.com\/futbol\/wp-json\/wp\/v2\/comments?post=438977"}],"version-history":[{"count":0,"href":"http:\/\/desarrollo.grupomedios.com\/futbol\/wp-json\/wp\/v2\/posts\/438977\/revisions"}],"wp:featuredmedia":[{"embeddable":true,"href":"http:\/\/desarrollo.grupomedios.com\/futbol\/wp-json\/wp\/v2\/media\/438984"}],"wp:attachment":[{"href":"http:\/\/desarrollo.grupomedios.com\/futbol\/wp-json\/wp\/v2\/media?parent=438977"}],"wp:term":[{"taxonomy":"category","embeddable":true,"href":"http:\/\/desarrollo.grupomedios.com\/futbol\/wp-json\/wp\/v2\/categories?post=438977"},{"taxonomy":"post_tag","embeddable":true,"href":"http:\/\/desarrollo.grupomedios.com\/futbol\/wp-json\/wp\/v2\/tags?post=438977"}],"curies":[{"name":"wp","href":"https:\/\/api.w.org\/{rel}","templated":true}]}}