{"id":438988,"date":"2016-10-28T12:14:27","date_gmt":"2016-10-28T17:14:27","guid":{"rendered":"https:\/\/www.futboltotal.com.mx\/?p=438988"},"modified":"2016-10-28T12:17:04","modified_gmt":"2016-10-28T17:17:04","slug":"zubizarreta-debera-ocuparse-de-la-cantera-del-marsella","status":"publish","type":"post","link":"http:\/\/desarrollo.grupomedios.com\/futbol\/futbol-internacional\/zubizarreta-debera-ocuparse-de-la-cantera-del-marsella\/2016\/10","title":{"rendered":"Zubizarreta deber\u00e1 ocuparse de la cantera del Marsella"},"content":{"rendered":"<p>El espa\u00f1ol <strong>Andoni Zubizarret<\/strong>a cumpli\u00f3 su primer d\u00eda como director deportivo del <strong>Olympique de Marsella<\/strong> con un cuaderno de encargos notable, el primero de ellos, el de explotar la cantera para poder competir de t\u00fa a t\u00fa con los millones catar\u00edes del Par\u00eds Saint-Germain.<\/p>\n<p>Zubizarreta fue el nombre escogido por el nuevo due\u00f1o del <strong>Marsella<\/strong>, el multimillonario estadounidense Frank McCourt, para &#8220;despertar al gigante dormido&#8221; que es el club, explotando la cantera antes que recurrir al golpe de talonario.<\/p>\n<p>&#8220;Podemos hacerlo mejor en la cantera. El mercado de fichajes no es la manera m\u00e1s segura para construir un equipo de alto nivel&#8221;, declar\u00f3 en septiembre el multimillonario estadounidense.<\/p>\n<p>Para esa misi\u00f3n se escogi\u00f3 a <em>Zubi<\/em>, director deportivo del Athletic de Bilbao (2001-2004) y del Barcelona (2010-2015), quien debe recoger el guante de su patr\u00f3n en un club en depresi\u00f3n.<\/p>\n<p>El campe\u00f3n de la Copa de Europa en 1993 se qued\u00f3 fuera de los torneos continentales por su decimotercer puesto en el \u00faltimo curso. Y, en \u00e9ste, las perspectivas tampoco son halag\u00fce\u00f1as, pues marcha und\u00e9cimo, a siete puntos de puestos de Liga de Campeones.<\/p>\n<p>Las primeras semanas de <strong>Zubizarreta<\/strong> ser\u00e1n de l\u00f3gica adaptaci\u00f3n. Aunque un primer paso, el de la lengua, ya lo ha dado.<\/p>\n<p>En su presentaci\u00f3n habl\u00f3 con fluidez en la lengua de Moli\u00e8re y hoy mismo, en su debut, tambi\u00e9n se le vio desenvuelto, como muestra un v\u00eddeo divulgado por el Marsella.<\/p>\n<p>https:\/\/twitter.com\/OM_Espanol\/status\/791922952455335936<\/p>\n<p>Recibido por el presidente del equipo franc\u00e9s, Jacques-Henri Eyraud, salud\u00f3 a los miembros del club, comenzando por el entrenador Rudi Garc\u00eda, nacido en Francia, aunque hijo de Jos\u00e9, un inmigrante espa\u00f1ol que tambi\u00e9n jug\u00f3 al futbol.<\/p>\n<p>&#8220;Claro que va todo bien. Mira el tiempo que hace, el mismo que en Barcelona&#8221;, le dijo con una amplia sonrisa Rudi a su nuevo jefe <strong>Zubizarreta<\/strong>, cuando se estrecharon las manos en el centro de entrenamiento del club bajo un soleado y primaveral d\u00eda.<\/p>\n<blockquote class=\"twitter-tweet\" data-width=\"500\">\n<p lang=\"es\" dir=\"ltr\">.<a href=\"https:\/\/twitter.com\/RudiGarcia\">@RudiGarcia<\/a>: &quot;La llegada de Andoni Zubizarreta al club es una excelente noticia. La direcci\u00f3n ha tomado una gran decisi\u00f3n&quot; <a href=\"https:\/\/t.co\/lPjW0UPOXA\">pic.twitter.com\/lPjW0UPOXA<\/a><\/p>\n<p>&mdash; Olympique Marseille (@OM_Espanol) <a href=\"https:\/\/twitter.com\/OM_Espanol\/status\/791979525991178240\">October 28, 2016<\/a><\/p><\/blockquote>\n<p><script async src=\"\/\/platform.twitter.com\/widgets.js\" charset=\"utf-8\"><\/script><\/p>\n<p>El legendario meta espa\u00f1ol -campe\u00f3n de la Copa de Europa con el Barcelona en 1992 y 126 veces internacional con la selecci\u00f3n- tambi\u00e9n departi\u00f3 con viejos conocidos del futbol espa\u00f1ol, como el medio Lassana Diarra, futbolista del Real Madrid entre 2009 y 2012.<\/p>\n<p>&#8220;Usted habla espa\u00f1ol. \u00bfEst\u00e1 todo bien? Me har\u00e1s de int\u00e9rprete, \u00bfeh?&#8221;, le dijo <em>Zubi<\/em> a Diarra, con un gui\u00f1o de complicidad.<\/p>\n<p>A pesar de sus lesiones y casos disciplinarios, Lass Diarra, de 31 a\u00f1os, es uno de los estandartes del club, junto al tambi\u00e9n veterano Baf\u00e9timbi Gomis, delantero que labr\u00f3 su fama en el Olympique de Lyon.<\/p>\n<p>Ambos destacan en una plantilla en la que no se detectan a grandes figuras en ciernes, a pesar de que el perfil del plantel es relativamente joven (casi 25 a\u00f1os de media).<\/p>\n<p>\u00c9se, seguramente, ser\u00e1 el principal desaf\u00edo de <em>Zubi<\/em>, que trabajar\u00e1 codo a codo con Rudi, con el que comparte una querencia por equipos de perfil ofensivo.<\/p>\n<p>El exdirector deportivo del Barcelona deber\u00e1 adaptarse a un club en pleno proceso de renovaci\u00f3n impulsado por el due\u00f1o McCourt.<\/p>\n<p>Existen muchas expectativas sobre el mandato de McCourt. Aunque se dice que podr\u00eda poner a disposici\u00f3n de <em>Zubizarreta<\/em> hasta 200 millones de euros, la idea del empresario es centrarse en la cantera, pues el nivel de gasto del PSG es inalcanzable para la cartera del estadounidense.<\/p>\n<p style=\"text-align: center;\"><span style=\"color: #3366ff;\"><a style=\"color: #3366ff;\" href=\"https:\/\/www.futboltotal.com.mx\/2016\/10\/los-clubes-del-mundo-centenario\/\">LEER M\u00c1S: Los clubes del mundo y su Centenario<\/a><\/span><\/p>\n","protected":false},"excerpt":{"rendered":"<p>Zubizarreta tendr\u00e1 a disposici\u00f3n 200 millones de euros para fichajes.<\/p>\n","protected":false},"author":144,"featured_media":438989,"comment_status":"closed","ping_status":"closed","sticky":false,"template":"","format":"standard","meta":[],"categories":[3839,7521],"tags":[2451,7469],"_links":{"self":[{"href":"http:\/\/desarrollo.grupomedios.com\/futbol\/wp-json\/wp\/v2\/posts\/438988"}],"collection":[{"href":"http:\/\/desarrollo.grupomedios.com\/futbol\/wp-json\/wp\/v2\/posts"}],"about":[{"href":"http:\/\/desarrollo.grupomedios.com\/futbol\/wp-json\/wp\/v2\/types\/post"}],"author":[{"embeddable":true,"href":"http:\/\/desarrollo.grupomedios.com\/futbol\/wp-json\/wp\/v2\/users\/144"}],"replies":[{"embeddable":true,"href":"http:\/\/desarrollo.grupomedios.com\/futbol\/wp-json\/wp\/v2\/comments?post=438988"}],"version-history":[{"count":0,"href":"http:\/\/desarrollo.grupomedios.com\/futbol\/wp-json\/wp\/v2\/posts\/438988\/revisions"}],"wp:featuredmedia":[{"embeddable":true,"href":"http:\/\/desarrollo.grupomedios.com\/futbol\/wp-json\/wp\/v2\/media\/438989"}],"wp:attachment":[{"href":"http:\/\/desarrollo.grupomedios.com\/futbol\/wp-json\/wp\/v2\/media?parent=438988"}],"wp:term":[{"taxonomy":"category","embeddable":true,"href":"http:\/\/desarrollo.grupomedios.com\/futbol\/wp-json\/wp\/v2\/categories?post=438988"},{"taxonomy":"post_tag","embeddable":true,"href":"http:\/\/desarrollo.grupomedios.com\/futbol\/wp-json\/wp\/v2\/tags?post=438988"}],"curies":[{"name":"wp","href":"https:\/\/api.w.org\/{rel}","templated":true}]}}