{"id":438994,"date":"2016-10-28T12:38:19","date_gmt":"2016-10-28T17:38:19","guid":{"rendered":"https:\/\/www.futboltotal.com.mx\/?p=438994"},"modified":"2016-10-28T17:49:23","modified_gmt":"2016-10-28T22:49:23","slug":"todos-lloraremos-cuando-messi-tenga-34-anos-mourinho","status":"publish","type":"post","link":"http:\/\/desarrollo.grupomedios.com\/futbol\/futbol-internacional\/todos-lloraremos-cuando-messi-tenga-34-anos-mourinho\/2016\/10","title":{"rendered":"&#8220;Todos lloraremos cuando Messi tenga 34 a\u00f1os&#8221; &#8211; Mourinho"},"content":{"rendered":"<p>Cuando Jos\u00e9 <strong>Mourinho<\/strong> est\u00e1 involucrado, las sorpresas son una posibilidad latente. Sea dentro de un partido, al t\u00e9rmino de un juego o en una conferencia, el portugu\u00e9s es garant\u00eda de que algo fuera del gui\u00f3n puede ocurrir.<\/p>\n<p>Esta vez, <strong>Mourinho<\/strong> sorprendi\u00f3 con las declaraciones que realiz\u00f3 en la rueda de prensa previa al juego que su equipo, Manchester United, disputar\u00e1 este fin de semana contra el Burnley.<\/p>\n<p style=\"text-align: center;\"><a href=\"https:\/\/www.futboltotal.com.mx\/2016\/10\/mourinho-asegura-vida-en-manchester-desastre\/\" target=\"_blank\"><span style=\"color: #3366ff;\"><strong>LEER M\u00c1S: Mourinho asegura que su vida en Manchester &#8220;es un desastre&#8221;<\/strong><\/span><\/a><\/p>\n<p>En una de sus respuestas, <em>Mou<\/em> se refiri\u00f3 al paso del tiempo que invariablemente afecta al nivel de los futbolistas, sin importar de qui\u00e9n se trate.<\/p>\n<p>Lo m\u00e1s llamativo en el discurso del <em>Special One<\/em> fue que el jugador al que utiliz\u00f3 como ejemplo fue Lionel Messi, figura del Barcelona,\u00a0con el que <strong>Mourinho<\/strong> mantuvo una ac\u00e9rrima rivalidad en su paso por Espa\u00f1a, con el Real Madrid.<\/p>\n<p style=\"text-align: center;\"><a href=\"https:\/\/www.futboltotal.com.mx\/2016\/10\/mourinho-prefiere-la-guerra-futbol-xavi\/\" target=\"_blank\"><span style=\"color: #3366ff;\"><strong>LEER M\u00c1S: Mourinho prefiere la guerra que el futbol<\/strong><\/span><\/a><\/p>\n<p>\u201cPor supuesto que es una l\u00e1stima\u2026 No puedes detener el reloj, es una l\u00e1stima que tengas jugadores a\u00f1o tras a\u00f1o que se vuelven m\u00e1s grandes\u201d, dijo <em>Mou<\/em> acerca del paso del tiempo. Luego, <strong>Mourinho<\/strong> remat\u00f3: \u201cEn cinco a\u00f1os, Messi tendr\u00e1 34 y todos estaremos llorando de que el tipo tenga esa edad\u201d.<\/p>\n<p>A diferencia de la \u00e9poca en que dirig\u00eda al Real Madrid, el portugu\u00e9s no parece tener en cuenta como primera referencia a su compatriota Cristiano Ronaldo.<\/p>\n<p>&nbsp;<\/p>\n<p><strong>S\u00edguenos en Twitter:<\/strong> <a href=\"https:\/\/twitter.com\/MXFutbolTotal\">@MXFutbolTotal<\/a><\/p>\n","protected":false},"excerpt":{"rendered":"<p>El Special One habl\u00f3 de la pena que ser\u00e1 para el mundo del futbol que Messi se haga mayor<\/p>\n","protected":false},"author":20,"featured_media":428804,"comment_status":"closed","ping_status":"closed","sticky":false,"template":"","format":"standard","meta":[],"categories":[3839,3844,3846,5951],"tags":[2086,5984,1496,6013,288,6012,2048,43,248,1484,5988],"_links":{"self":[{"href":"http:\/\/desarrollo.grupomedios.com\/futbol\/wp-json\/wp\/v2\/posts\/438994"}],"collection":[{"href":"http:\/\/desarrollo.grupomedios.com\/futbol\/wp-json\/wp\/v2\/posts"}],"about":[{"href":"http:\/\/desarrollo.grupomedios.com\/futbol\/wp-json\/wp\/v2\/types\/post"}],"author":[{"embeddable":true,"href":"http:\/\/desarrollo.grupomedios.com\/futbol\/wp-json\/wp\/v2\/users\/20"}],"replies":[{"embeddable":true,"href":"http:\/\/desarrollo.grupomedios.com\/futbol\/wp-json\/wp\/v2\/comments?post=438994"}],"version-history":[{"count":0,"href":"http:\/\/desarrollo.grupomedios.com\/futbol\/wp-json\/wp\/v2\/posts\/438994\/revisions"}],"wp:featuredmedia":[{"embeddable":true,"href":"http:\/\/desarrollo.grupomedios.com\/futbol\/wp-json\/wp\/v2\/media\/428804"}],"wp:attachment":[{"href":"http:\/\/desarrollo.grupomedios.com\/futbol\/wp-json\/wp\/v2\/media?parent=438994"}],"wp:term":[{"taxonomy":"category","embeddable":true,"href":"http:\/\/desarrollo.grupomedios.com\/futbol\/wp-json\/wp\/v2\/categories?post=438994"},{"taxonomy":"post_tag","embeddable":true,"href":"http:\/\/desarrollo.grupomedios.com\/futbol\/wp-json\/wp\/v2\/tags?post=438994"}],"curies":[{"name":"wp","href":"https:\/\/api.w.org\/{rel}","templated":true}]}}