{"id":439060,"date":"2016-10-28T17:02:49","date_gmt":"2016-10-28T22:02:49","guid":{"rendered":"https:\/\/www.futboltotal.com.mx\/?p=439060"},"modified":"2016-10-28T17:02:49","modified_gmt":"2016-10-28T22:02:49","slug":"cara-a-cara-ismael-sosa-vs-dorlan-pabon-tigres-vs-monterrey","status":"publish","type":"post","link":"http:\/\/desarrollo.grupomedios.com\/futbol\/futbol-mexicano\/cara-a-cara-ismael-sosa-vs-dorlan-pabon-tigres-vs-monterrey\/2016\/10","title":{"rendered":"Cara a cara: Ismael Sosa vs Dorlan Pab\u00f3n"},"content":{"rendered":"<p>Este s\u00e1bado 29 de octubre se juega una edici\u00f3n m\u00e1s del Cl\u00e1sico Regio, un enfrentamiento entre <strong>Tigres y Monterrey<\/strong> que ha ido generando mayor expectativa a\u00f1o con a\u00f1o debido al poder\u00edo econ\u00f3mico que tienen ambos equipos.<\/p>\n<p>El \u00faltimo a\u00f1o, los\u00a0<em>felinos\u00a0<\/em>y <em>Rayados<\/em> se encargaron de romper la liga\u00a0con sus contrataciones, pues los dirigidos por Ricardo Ferretti trajeron a Andr\u00e9-Pierre Gignac y para esta temporada sumaron a <strong>Ismael Sosa<\/strong>, quien ya estaba consolidado como uno de los mejores de la Liga MX.<\/p>\n<p>Por su parte, <strong>Monterrey<\/strong> hizo lo propio con Rogelio Funes Mori, quien lleg\u00f3 para unirse a <strong>Dorlan Pab\u00f3n<\/strong>, quien ya est\u00e1 m\u00e1s que consolidado con los dirigidos por Antonio Mohamed y ahora se ha convertido en el principal referente de los\u00a0<em>Rayados.<\/em><\/p>\n<p style=\"text-align: center;\"><span style=\"color: #3366ff;\"><a style=\"color: #3366ff;\" href=\"https:\/\/www.futboltotal.com.mx\/2016\/10\/ochoa-desafia-a-la-msn-huele-a-goleada\/\">LEER M\u00c1S: Ochoa desaf\u00eda a la MSN \u00bfHuele a goleada?<\/a><\/span><\/p>\n<p style=\"text-align: center;\"><a href=\"https:\/\/www.futboltotal.com.mx\/wp-content\/uploads\/2016\/10\/caras.jpg\"><img decoding=\"async\" loading=\"lazy\" class=\"alignnone size-full wp-image-439061\" src=\"https:\/\/www.futboltotal.com.mx\/wp-content\/uploads\/2016\/10\/caras.jpg\" alt=\"caras\" srcset=\"http:\/\/desarrollo.grupomedios.com\/futbol\/wp-content\/uploads\/2016\/10\/caras.jpg 858w, http:\/\/desarrollo.grupomedios.com\/futbol\/wp-content\/uploads\/2016\/10\/caras-300x252.jpg 300w, http:\/\/desarrollo.grupomedios.com\/futbol\/wp-content\/uploads\/2016\/10\/caras-768x646.jpg 768w\" sizes=\"(max-width: 858px) 100vw, 858px\" \/><\/a><\/p>\n<p style=\"text-align: left;\">Para este partido, que se jugar\u00e1 en el estadio Universitario, Sosa y Pab\u00f3n tendr\u00e1n que demostrar sus mejores cualidades para sus respectivos equipos, pues ambos se encuentran con seis goles anotados y est\u00e1n siendo un referente al ataque para sus equipos.<\/p>\n<p style=\"text-align: left;\">\u00bfQui\u00e9n ser\u00e1 m\u00e1s importante en el duelo entre <strong>Tigres<\/strong> y <strong>Monterrey<\/strong>?<\/p>\n<p>\u00a1No olvides en seguirnos en <span style=\"color: #ff0000;\"><a style=\"color: #ff0000;\" href=\"https:\/\/twitter.com\/MXFutbolTotal\">@MXFutbolTotal<\/a><\/span>\u00a0!<\/p>\n","protected":false},"excerpt":{"rendered":"<p>\u00bfQui\u00e9n podr\u00e1 marcar diferencia en el Cl\u00e1sico Regio?<\/p>\n","protected":false},"author":129,"featured_media":439063,"comment_status":"closed","ping_status":"closed","sticky":false,"template":"","format":"standard","meta":[],"categories":[2198,3845,5950],"tags":[2612,4505,64,7532],"_links":{"self":[{"href":"http:\/\/desarrollo.grupomedios.com\/futbol\/wp-json\/wp\/v2\/posts\/439060"}],"collection":[{"href":"http:\/\/desarrollo.grupomedios.com\/futbol\/wp-json\/wp\/v2\/posts"}],"about":[{"href":"http:\/\/desarrollo.grupomedios.com\/futbol\/wp-json\/wp\/v2\/types\/post"}],"author":[{"embeddable":true,"href":"http:\/\/desarrollo.grupomedios.com\/futbol\/wp-json\/wp\/v2\/users\/129"}],"replies":[{"embeddable":true,"href":"http:\/\/desarrollo.grupomedios.com\/futbol\/wp-json\/wp\/v2\/comments?post=439060"}],"version-history":[{"count":0,"href":"http:\/\/desarrollo.grupomedios.com\/futbol\/wp-json\/wp\/v2\/posts\/439060\/revisions"}],"wp:featuredmedia":[{"embeddable":true,"href":"http:\/\/desarrollo.grupomedios.com\/futbol\/wp-json\/wp\/v2\/media\/439063"}],"wp:attachment":[{"href":"http:\/\/desarrollo.grupomedios.com\/futbol\/wp-json\/wp\/v2\/media?parent=439060"}],"wp:term":[{"taxonomy":"category","embeddable":true,"href":"http:\/\/desarrollo.grupomedios.com\/futbol\/wp-json\/wp\/v2\/categories?post=439060"},{"taxonomy":"post_tag","embeddable":true,"href":"http:\/\/desarrollo.grupomedios.com\/futbol\/wp-json\/wp\/v2\/tags?post=439060"}],"curies":[{"name":"wp","href":"https:\/\/api.w.org\/{rel}","templated":true}]}}