{"id":439068,"date":"2016-10-29T13:26:17","date_gmt":"2016-10-29T18:26:17","guid":{"rendered":"https:\/\/www.futboltotal.com.mx\/?p=439068"},"modified":"2016-10-29T16:12:45","modified_gmt":"2016-10-29T21:12:45","slug":"en-vivo-barcelona-vs-granada-liga-espana","status":"publish","type":"post","link":"http:\/\/desarrollo.grupomedios.com\/futbol\/futbol-internacional\/en-vivo-barcelona-vs-granada-liga-espana\/2016\/10","title":{"rendered":"As\u00ed se vivi\u00f3 | Barcelona 1-0 Granada | Liga de Espa\u00f1a"},"content":{"rendered":"<p><a class=\"twitter-timeline\" href=\"https:\/\/twitter.com\/search?q=from%3AFCBarcelona_es%20OR%20from%3AGranadaCdeF\" data-widget-id=\"792432557497290752\">Tweets sobre from:FCBarcelona_es OR from:GranadaCdeF<\/a><br \/>\n<script>!function(d,s,id){var js,fjs=d.getElementsByTagName(s)[0],p=\/^http:\/.test(d.location)?'http':'https';if(!d.getElementById(id)){js=d.createElement(s);js.id=id;js.src=p+\":\/\/platform.twitter.com\/widgets.js\";fjs.parentNode.insertBefore(js,fjs);}}(document,\"script\",\"twitter-wjs\");<\/script><\/p>\n<p>Este s\u00e1bado 29 de octubre, el <strong>Barcelona<\/strong> recibir\u00e1 al<strong> Granada<\/strong> en el Camp Nou en lo que ser\u00e1 \u00a0la Jornada 10 de la Liga de Espa\u00f1a, donde los\u00a0<em>Blaugranas\u00a0<\/em>buscar\u00e1n alcanzar la cima de la tabla a espera de los resultados de sus competidores.<\/p>\n<p>En este partido, el mexicano <strong>Guillermo Ochoa<\/strong> buscar\u00e1 detener a la potente ofensiva del Barcelona, pues hasta ahorita son el mejor ataque y su equipo se posiciona como la peor defensa.<\/p>\n<p style=\"text-align: center;\"><span style=\"color: #3366ff;\"><a style=\"color: #3366ff;\" href=\"https:\/\/www.futboltotal.com.mx\/2016\/10\/ochoa-desafia-a-la-msn-huele-a-goleada\/\">LEER M\u00c1S: Ochoa desaf\u00eda a la MSN \u00bfHuele a goleada?<\/a><\/span><\/p>\n<p>Desde que <strong>Ochoa<\/strong> fich\u00f3 con el <strong>Granada<\/strong> para la temporada 2016-17, su andadura ha sido un suplicio. Despu\u00e9s de nueve jornadas es el \u00fanico club del campeonato que no ha conseguido una sola victoria -sus mejor resultado han sido tres empates- y el que m\u00e1s derrotas ha sufrido.<\/p>\n<p>Por su parte, el <strong>Barcelona<\/strong> presume la ofensiva m\u00e1s poderosa de Europa. En Liga ha marcado 29 dianas como ning\u00fan otro club en Europa y promedia 3.2 goles por partido. Aunado a ello, los <em>Cul\u00e9s<\/em>encadenan una racha de 26 partidos en los que no han dejado de marcar gol en el Camp Nou. La \u00faltima vez que se fueron en blanco fue el 21 de febrero de 2015, cuando enfrentaron al M\u00e1laga y <strong>Ochoa<\/strong>\u00a0era espectador del imbatible Carlos Kamen.<\/p>\n<p>\u00bfPodr\u00e1 <strong>Ochoa<\/strong> detener a la poderosa MSN o se hundir\u00e1 m\u00e1s en el descenso?<\/p>\n<p>\u00a1No olvides seguirnos en nuestra cuenta de Twitter <span style=\"color: #ff0000;\"><a style=\"color: #ff0000;\" href=\"https:\/\/twitter.com\/MXFutbolTotal\">@MXFutbolTotal<\/a><\/span> !<\/p>\n","protected":false},"excerpt":{"rendered":"<p>Ochoa buscar\u00e1 evitar la goleada ante la poderosa MSN<\/p>\n","protected":false},"author":20,"featured_media":436245,"comment_status":"closed","ping_status":"closed","sticky":false,"template":"","format":"standard","meta":[],"categories":[3839,3844],"tags":[5984,700,5991],"_links":{"self":[{"href":"http:\/\/desarrollo.grupomedios.com\/futbol\/wp-json\/wp\/v2\/posts\/439068"}],"collection":[{"href":"http:\/\/desarrollo.grupomedios.com\/futbol\/wp-json\/wp\/v2\/posts"}],"about":[{"href":"http:\/\/desarrollo.grupomedios.com\/futbol\/wp-json\/wp\/v2\/types\/post"}],"author":[{"embeddable":true,"href":"http:\/\/desarrollo.grupomedios.com\/futbol\/wp-json\/wp\/v2\/users\/20"}],"replies":[{"embeddable":true,"href":"http:\/\/desarrollo.grupomedios.com\/futbol\/wp-json\/wp\/v2\/comments?post=439068"}],"version-history":[{"count":0,"href":"http:\/\/desarrollo.grupomedios.com\/futbol\/wp-json\/wp\/v2\/posts\/439068\/revisions"}],"wp:featuredmedia":[{"embeddable":true,"href":"http:\/\/desarrollo.grupomedios.com\/futbol\/wp-json\/wp\/v2\/media\/436245"}],"wp:attachment":[{"href":"http:\/\/desarrollo.grupomedios.com\/futbol\/wp-json\/wp\/v2\/media?parent=439068"}],"wp:term":[{"taxonomy":"category","embeddable":true,"href":"http:\/\/desarrollo.grupomedios.com\/futbol\/wp-json\/wp\/v2\/categories?post=439068"},{"taxonomy":"post_tag","embeddable":true,"href":"http:\/\/desarrollo.grupomedios.com\/futbol\/wp-json\/wp\/v2\/tags?post=439068"}],"curies":[{"name":"wp","href":"https:\/\/api.w.org\/{rel}","templated":true}]}}