{"id":439080,"date":"2016-10-28T18:08:17","date_gmt":"2016-10-28T23:08:17","guid":{"rendered":"https:\/\/www.futboltotal.com.mx\/?p=439080"},"modified":"2016-10-28T19:42:30","modified_gmt":"2016-10-29T00:42:30","slug":"angel-reyna-disfruta-del-ascenso-mx","status":"publish","type":"post","link":"http:\/\/desarrollo.grupomedios.com\/futbol\/futbol-mexicano\/angel-reyna-disfruta-del-ascenso-mx\/2016\/10","title":{"rendered":"\u00c1ngel Reyna disfruta del Ascenso MX"},"content":{"rendered":"<p>El mediocampista del Celaya, <strong>\u00c1ngel Reyna<\/strong>, tuvo que resignarse al <strong>Ascenso MX<\/strong> para mantenerse en actividad, luego de que ning\u00fan equipo del M\u00e1ximo Circuito lo quisiera ver en sus filas. Y a pesar de encontrarse en la <em>Divisi\u00f3n de Plata<\/em>, el mexicano parece encontrarse en gran nivel, para buscar regresar al M\u00e1ximo Circuito, al lado del equipo que actualmente tiene.<\/p>\n<p><strong>\u00c1ngel Reyna<\/strong> ha participado en 11 de los 15 juegos del <strong>Celaya<\/strong> en el Ascenso MX, en todos ellos particip\u00f3 como titular y ha anotado cuatro goles, que han ayudado a los <em>Toros<\/em> a ubicarse en el segundo lugar de la competencia, con 28 unidades.<\/p>\n<p>El <strong>Celaya<\/strong> est\u00e1 a una victoria de la clasificaci\u00f3n a la liguilla, as\u00ed que va que vuela con miras a regresar a la Liga MX, pues incluso los directivos del club han revelado en ocasiones, que volver\u00e1n al M\u00e1ximo Circuito, a cualquier costo; por lo que el Pleititos estar\u00eda de regreso en menos de un a\u00f1o.<\/p>\n<p style=\"text-align: center;\"><span style=\"color: #3366ff;\"><a style=\"color: #3366ff;\" href=\"https:\/\/www.futboltotal.com.mx\/2016\/10\/billy-alvarez-pretende-al-loco-bielsa\/\" target=\"_blank\"><strong>LEER M\u00c1S: En Cruz Azul, buscan a Marcelo Bielsa<\/strong><\/a><\/span><\/p>\n<p>Cabe destacar que la indisciplina sigue siendo parte de la carrera de <strong>\u00c1ngel Reyna<\/strong>, pues ya registra una expulsi\u00f3n en lo que va del torneo. Pero por el momento disfruta del <strong>Ascenso MX<\/strong> y hasta celebra su andar con partidos de golf.<\/p>\n<p><a href=\"https:\/\/www.futboltotal.com.mx\/wp-content\/uploads\/2016\/10\/angel-reyna-suena-con-volver-y-disfruta-el-ascenso.jpg\"><img decoding=\"async\" loading=\"lazy\" class=\"alignnone size-full wp-image-439081\" src=\"https:\/\/www.futboltotal.com.mx\/wp-content\/uploads\/2016\/10\/angel-reyna-suena-con-volver-y-disfruta-el-ascenso.jpg\" alt=\"angel-reyna-suena-con-volver-y-disfruta-el-ascenso\" srcset=\"http:\/\/desarrollo.grupomedios.com\/futbol\/wp-content\/uploads\/2016\/10\/angel-reyna-suena-con-volver-y-disfruta-el-ascenso.jpg 858w, http:\/\/desarrollo.grupomedios.com\/futbol\/wp-content\/uploads\/2016\/10\/angel-reyna-suena-con-volver-y-disfruta-el-ascenso-300x151.jpg 300w, http:\/\/desarrollo.grupomedios.com\/futbol\/wp-content\/uploads\/2016\/10\/angel-reyna-suena-con-volver-y-disfruta-el-ascenso-768x386.jpg 768w, http:\/\/desarrollo.grupomedios.com\/futbol\/wp-content\/uploads\/2016\/10\/angel-reyna-suena-con-volver-y-disfruta-el-ascenso-340x171.jpg 340w\" sizes=\"(max-width: 858px) 100vw, 858px\" \/><\/a><\/p>\n<p><strong>S\u00edguenos en Twitter<\/strong>: <a href=\"https:\/\/twitter.com\/MXFutbolTotal\" target=\"_blank\">@MXFutbolTotal<\/a><\/p>\n<p><span style=\"color: #ff0000;\">VIDEO: Agenda TV Jornada 15 Apertura 2016<\/span><\/p>\n<p>[video_player]https:\/\/player.vimeo.com\/external\/189040062.hd.mp4?s=52723601a3e36bd055e7e4f61c2386bc0bc6641b&amp;profile_id=174[\/video_player]<\/p>\n","protected":false},"excerpt":{"rendered":"<p>El mediocampista se encuentra en buen nivel<\/p>\n","protected":false},"author":20,"featured_media":439082,"comment_status":"closed","ping_status":"closed","sticky":false,"template":"","format":"standard","meta":[],"categories":[3843,2198,5950],"tags":[1659],"_links":{"self":[{"href":"http:\/\/desarrollo.grupomedios.com\/futbol\/wp-json\/wp\/v2\/posts\/439080"}],"collection":[{"href":"http:\/\/desarrollo.grupomedios.com\/futbol\/wp-json\/wp\/v2\/posts"}],"about":[{"href":"http:\/\/desarrollo.grupomedios.com\/futbol\/wp-json\/wp\/v2\/types\/post"}],"author":[{"embeddable":true,"href":"http:\/\/desarrollo.grupomedios.com\/futbol\/wp-json\/wp\/v2\/users\/20"}],"replies":[{"embeddable":true,"href":"http:\/\/desarrollo.grupomedios.com\/futbol\/wp-json\/wp\/v2\/comments?post=439080"}],"version-history":[{"count":0,"href":"http:\/\/desarrollo.grupomedios.com\/futbol\/wp-json\/wp\/v2\/posts\/439080\/revisions"}],"wp:featuredmedia":[{"embeddable":true,"href":"http:\/\/desarrollo.grupomedios.com\/futbol\/wp-json\/wp\/v2\/media\/439082"}],"wp:attachment":[{"href":"http:\/\/desarrollo.grupomedios.com\/futbol\/wp-json\/wp\/v2\/media?parent=439080"}],"wp:term":[{"taxonomy":"category","embeddable":true,"href":"http:\/\/desarrollo.grupomedios.com\/futbol\/wp-json\/wp\/v2\/categories?post=439080"},{"taxonomy":"post_tag","embeddable":true,"href":"http:\/\/desarrollo.grupomedios.com\/futbol\/wp-json\/wp\/v2\/tags?post=439080"}],"curies":[{"name":"wp","href":"https:\/\/api.w.org\/{rel}","templated":true}]}}