{"id":439094,"date":"2016-10-28T18:58:40","date_gmt":"2016-10-28T23:58:40","guid":{"rendered":"https:\/\/www.futboltotal.com.mx\/?p=439094"},"modified":"2016-10-28T19:03:55","modified_gmt":"2016-10-29T00:03:55","slug":"alonso-haber-mucha-frustracion-parte-vettel-ferrari","status":"publish","type":"post","link":"http:\/\/desarrollo.grupomedios.com\/futbol\/no-todo-es-futbol\/alonso-haber-mucha-frustracion-parte-vettel-ferrari\/2016\/10","title":{"rendered":"\u00a1Se calienta el GP de M\u00e9xico!"},"content":{"rendered":"<p>El espa\u00f1ol Fernando Alonso (McLaren) declar\u00f3 este viernes, tras la primera jornada de entrenamientos libres para el Gran Premio de M\u00e9xico, que &#8220;tiene que haber mucha frustraci\u00f3n por parte de Vettel y Ferrari&#8221; y que por eso perdona las quejas del alem\u00e1n por el uso del DRS.<\/p>\n<p>Durante la segunda sesi\u00f3n libre Sebastian Vettel, cuatro veces campe\u00f3n mundial con Red Bull y ahora en Ferrari, se quej\u00f3 por radio de que tanto el espa\u00f1ol Carlos Sainz (Toro Rosso) como su compatriota Fernando Alonso defendieran su posici\u00f3n en algunos momentos con el uso del DRS en el aler\u00f3n trasero.<\/p>\n<p>Al respecto, el bicampe\u00f3n mundial espa\u00f1ol dijo: &#8220;No le doy mucha importancia. Tiene que haber mucha frustraci\u00f3n por su parte y la de Ferrari, y por eso se le perdona&#8221;.<\/p>\n<p style=\"text-align: center;\"><span style=\"color: #3366ff;\"><a style=\"color: #3366ff;\" href=\"https:\/\/www.futboltotal.com.mx\/2016\/10\/checo-perez-ve-dificil-subir-al-podio-en-gp-mexico\/\" target=\"_blank\"><strong>LEER M\u00c1S: Checo P\u00e9rez habla sobre el Gran Premio de M\u00e9xico<\/strong><\/a><\/span><\/p>\n<p>Al comentar sus impresiones tras las dos primeras tandas libres, Alonso dijo: &#8220;Ha sido seguramente un viernes dif\u00edcil para todos, en una pista deslizante como ya lo fue el a\u00f1o pasado. El asfalto estaba en unas condiciones as\u00ed, as\u00ed&#8221;.<\/p>\n<p>&#8220;Al final tuvimos que parar antes de lo previsto&#8221; (en la segunda sesi\u00f3n) &#8220;por precauci\u00f3n porque hab\u00eda alguna anomal\u00eda en el sistema de frenos&#8221;, revel\u00f3 Alonso, que se\u00f1al\u00f3 que el s\u00e1bado, en los terceros libres, centrar\u00e1 su trabajo en las prestaciones del b\u00f3lido.<\/p>\n<p>Sobre sus opciones de entrar este s\u00e1bado en la Q3 de la sesi\u00f3n de clasificaci\u00f3n, el espa\u00f1ol coment\u00f3: &#8220;Hoy estamos el 10 y el 12, y los coches con motor Mercedes suelen mejorar unas d\u00e9cimas sin cu bot\u00f3n para la crono&#8221;.<\/p>\n<p>&#8220;Adem\u00e1s, yo tengo la especificaci\u00f3n vieja (del motor), por lo que ser\u00eda una sorpresa entrar en la Q3. No creo que vaya a ser f\u00e1cil&#8221;, dijo.<\/p>\n<p><strong>S\u00edguenos en Twitter<\/strong>: <a href=\"https:\/\/twitter.com\/MXFutbolTotal\" target=\"_blank\">@MXFutbolTotal<\/a><\/p>\n","protected":false},"excerpt":{"rendered":"<p>Fernando Alonso responde a actitud de Vettel<\/p>\n","protected":false},"author":144,"featured_media":439097,"comment_status":"closed","ping_status":"closed","sticky":false,"template":"","format":"standard","meta":[],"categories":[5810,5418,6411],"tags":[5771],"_links":{"self":[{"href":"http:\/\/desarrollo.grupomedios.com\/futbol\/wp-json\/wp\/v2\/posts\/439094"}],"collection":[{"href":"http:\/\/desarrollo.grupomedios.com\/futbol\/wp-json\/wp\/v2\/posts"}],"about":[{"href":"http:\/\/desarrollo.grupomedios.com\/futbol\/wp-json\/wp\/v2\/types\/post"}],"author":[{"embeddable":true,"href":"http:\/\/desarrollo.grupomedios.com\/futbol\/wp-json\/wp\/v2\/users\/144"}],"replies":[{"embeddable":true,"href":"http:\/\/desarrollo.grupomedios.com\/futbol\/wp-json\/wp\/v2\/comments?post=439094"}],"version-history":[{"count":0,"href":"http:\/\/desarrollo.grupomedios.com\/futbol\/wp-json\/wp\/v2\/posts\/439094\/revisions"}],"wp:featuredmedia":[{"embeddable":true,"href":"http:\/\/desarrollo.grupomedios.com\/futbol\/wp-json\/wp\/v2\/media\/439097"}],"wp:attachment":[{"href":"http:\/\/desarrollo.grupomedios.com\/futbol\/wp-json\/wp\/v2\/media?parent=439094"}],"wp:term":[{"taxonomy":"category","embeddable":true,"href":"http:\/\/desarrollo.grupomedios.com\/futbol\/wp-json\/wp\/v2\/categories?post=439094"},{"taxonomy":"post_tag","embeddable":true,"href":"http:\/\/desarrollo.grupomedios.com\/futbol\/wp-json\/wp\/v2\/tags?post=439094"}],"curies":[{"name":"wp","href":"https:\/\/api.w.org\/{rel}","templated":true}]}}