{"id":439211,"date":"2016-10-29T10:33:35","date_gmt":"2016-10-29T15:33:35","guid":{"rendered":"https:\/\/www.futboltotal.com.mx\/?p=439211"},"modified":"2016-10-29T11:48:09","modified_gmt":"2016-10-29T16:48:09","slug":"resultasdos-bundesliga-wolfsburgo-1-2-bayer-leverkusen-chicharito","status":"publish","type":"post","link":"http:\/\/desarrollo.grupomedios.com\/futbol\/destacado-home\/resultasdos-bundesliga-wolfsburgo-1-2-bayer-leverkusen-chicharito\/2016\/10","title":{"rendered":"Leverkusen y Chicharito rescatan el partido sobre la hora"},"content":{"rendered":"<p>El <strong>Bayer Leverkusen<\/strong>, con participaci\u00f3n del mexicano <strong>Javier Chicharito Hern\u00e1ndez<\/strong>, venci\u00f3 como visitante por 1-2 al <strong>Wolfsburgo<\/strong>, luego de arrancar perdiendo el encuentro de la Jornada 10 de la <strong>Bundesliga<\/strong>.<\/p>\n<p>https:\/\/twitter.com\/bayer04_es\/status\/792385689459445764<\/p>\n<p>Las\u00a0<em>Aspirinas\u00a0<\/em>buscaron la puerta de los verdes desde el comienzo, pues el equipo de Roger Schmidt\u00a0llegaba con la misi\u00f3n de revertir la mala racha en liga, adem\u00e1s de la eliminaci\u00f3n de la DFB Pokal a media semana.<\/p>\n<p>La primera jugada importante fue un centro por parte de Julian Brandt para <strong>Chicharito<\/strong>, pero el mexicano alcanz\u00f3 a peinar el bal\u00f3n y fue a las manos del arquero Diego Benaglio.<\/p>\n<p>En seguida el <strong>Leverkusen<\/strong> tuvo otra oportunidad con un disparo cruzado que se estrell\u00f3 en el poste por parte del brasile\u00f1o Wendell. Pero el <strong>Wolfsburgo<\/strong> apenas tuvo la primera y la cambio con gol, pues un centro de Caliguri dej\u00f3 solo a Max Arnold quien marc\u00f3 el primero del partido.<\/p>\n<p style=\"text-align: center;\"><span style=\"color: #3366ff;\"><a style=\"color: #3366ff;\" href=\"https:\/\/www.futboltotal.com.mx\/2016\/10\/edson-puch-cerca-historico-del-necaxa\/\">LEER M\u00c1S: Edson Puch, cerca de ser hist\u00f3rico del Necaxa<\/a><\/span><\/p>\n<p>A partir de ah\u00ed, el <strong>Bayer<\/strong> se hizo del bal\u00f3n pero no gener\u00f3 ning\u00fan peligro en el marco. Fue hasta el 79\u00b4cuando Henrichs asisti\u00f3 a Mehmedi y \u00e9ste marc\u00f3 el empate para la visita. El gol le peg\u00f3 al <strong>Wolfsburgo<\/strong>, pues apenas cuatro minutos despu\u00e9s, una serie de rebotes dejaron solo a Tin Jedvaj y las\u00a0<em>aspirinas\u00a0<\/em>se llevaron el triunfo.<\/p>\n<p>Con este resultado, el <strong>Bayer Leverkusen<\/strong> termina con una racha de cuatro partidos sin triunfo y ahora se preparar\u00e1 para enfrentar a mitad de semana al Tottenham por la Jornada 4 de la UEFA Champions League.<\/p>\n","protected":false},"excerpt":{"rendered":"<p>Leverkusen dio la vuelta al marcador en los \u00faltimos 10 minutos del encuentro<\/p>\n","protected":false},"author":129,"featured_media":433079,"comment_status":"closed","ping_status":"closed","sticky":false,"template":"","format":"standard","meta":[],"categories":[5,3839],"tags":[4335,120],"_links":{"self":[{"href":"http:\/\/desarrollo.grupomedios.com\/futbol\/wp-json\/wp\/v2\/posts\/439211"}],"collection":[{"href":"http:\/\/desarrollo.grupomedios.com\/futbol\/wp-json\/wp\/v2\/posts"}],"about":[{"href":"http:\/\/desarrollo.grupomedios.com\/futbol\/wp-json\/wp\/v2\/types\/post"}],"author":[{"embeddable":true,"href":"http:\/\/desarrollo.grupomedios.com\/futbol\/wp-json\/wp\/v2\/users\/129"}],"replies":[{"embeddable":true,"href":"http:\/\/desarrollo.grupomedios.com\/futbol\/wp-json\/wp\/v2\/comments?post=439211"}],"version-history":[{"count":0,"href":"http:\/\/desarrollo.grupomedios.com\/futbol\/wp-json\/wp\/v2\/posts\/439211\/revisions"}],"wp:featuredmedia":[{"embeddable":true,"href":"http:\/\/desarrollo.grupomedios.com\/futbol\/wp-json\/wp\/v2\/media\/433079"}],"wp:attachment":[{"href":"http:\/\/desarrollo.grupomedios.com\/futbol\/wp-json\/wp\/v2\/media?parent=439211"}],"wp:term":[{"taxonomy":"category","embeddable":true,"href":"http:\/\/desarrollo.grupomedios.com\/futbol\/wp-json\/wp\/v2\/categories?post=439211"},{"taxonomy":"post_tag","embeddable":true,"href":"http:\/\/desarrollo.grupomedios.com\/futbol\/wp-json\/wp\/v2\/tags?post=439211"}],"curies":[{"name":"wp","href":"https:\/\/api.w.org\/{rel}","templated":true}]}}