{"id":439234,"date":"2016-10-29T13:08:19","date_gmt":"2016-10-29T18:08:19","guid":{"rendered":"https:\/\/www.futboltotal.com.mx\/?p=439234"},"modified":"2016-10-29T13:11:54","modified_gmt":"2016-10-29T18:11:54","slug":"adolfo-bofo-bautista-lanza-mensaje-contra-america","status":"publish","type":"post","link":"http:\/\/desarrollo.grupomedios.com\/futbol\/futbol-mexicano\/adolfo-bofo-bautista-lanza-mensaje-contra-america\/2016\/10","title":{"rendered":"Bofo Bautista lanza mensaje contra el Am\u00e9rica"},"content":{"rendered":"<p>El ex jugador de <span style=\"color: #ff0000;\"><a style=\"color: #ff0000;\" href=\"http:\/\/futboltotal.com.mx\/equipos\/guadalajara\/\">Chivas<\/a><\/span>, <strong>Adolfo\u00a0<em>Bofo\u00a0<\/em>Bautista<\/strong>, envi\u00f3 un mensaje al <strong>Am\u00e9rica<\/strong> y destaco la actuaci\u00f3n de <strong>Chivas<\/strong> en la Semifinal de la Copa MX donde dejaron fuera a las\u00a0<em>\u00c1guilas.<\/em><\/p>\n<p>Luego de que Ricardo La Volpe y algunos aficionados del Am\u00e9rica reclamaran la victoria de los\u00a0<em>Rojiblancos\u00a0<\/em>como &#8220;un robo&#8221; por el supuesto gol de Alan Pulido en fuera de lugar, por lo que el\u00a0<em><strong>Bofo<\/strong>\u00a0<\/em>recrimin\u00f3 a los seguidores\u00a0<em>azulcremas.<\/em><\/p>\n<p style=\"text-align: center;\"><span style=\"color: #3366ff;\"><a style=\"color: #3366ff;\" href=\"https:\/\/www.futboltotal.com.mx\/2016\/10\/rubens-sambueza-busca-olvidar-eliminacion-ante-chivas\/\">LEER M\u00c1S: Sambueza busca olvidar eliminaci\u00f3n ante Chivas<\/a><\/span><\/p>\n<blockquote><p>\u201cNo saben perder, deben reconocer que\u00a0<strong>Chivas<\/strong>\u00a0fue mucho mejor, ellos metieron gol en una que tuvieron, pero\u00a0<strong>Chivas\u00a0<\/strong>tuvo seis que no terminaron el gol porque el portero fue fundamental\u201d, coment\u00f3 <strong>Bautista<\/strong>, quien tambi\u00e9n se dijo contento por la forma en que ha venido haciendo las cosas su ex equipo y asegur\u00f3 que le gustar\u00eda terminar su carrera en ese equipo.<\/p><\/blockquote>\n<p>Me ha gustado la din\u00e1mica que tiene (Chivas), el esquema lo han llevado muy bien en los partidos.\u00a0Mi ilusi\u00f3n es volver a M\u00e9xico y retirarme en Chivas, el equipo de mis amores\u201d finaliz\u00f3 el\u00a0<em><strong>Bofo<\/strong>.<\/em><\/p>\n<blockquote class=\"twitter-tweet\" data-width=\"500\">\n<p lang=\"es\" dir=\"ltr\">So\u00f1e Que Campeonisimo Solo Hay Uno&#8230; Despert\u00e9 y Ganaron mis Chivas..<a href=\"https:\/\/twitter.com\/hashtag\/CampeonisimoSoloHayUno?src=hash\">#CampeonisimoSoloHayUno<\/a> <a href=\"https:\/\/t.co\/ZNslKBsZ1x\">pic.twitter.com\/ZNslKBsZ1x<\/a><\/p>\n<p>&mdash; ADOLFO BAUTISTA H. (@BOFO_7_) <a href=\"https:\/\/twitter.com\/BOFO_7_\/status\/791506952400494594\">October 27, 2016<\/a><\/p><\/blockquote>\n<p><script async src=\"\/\/platform.twitter.com\/widgets.js\" charset=\"utf-8\"><\/script><\/p>\n","protected":false},"excerpt":{"rendered":"<p>Bautista asegur\u00f3 que los azulcremas &#8220;no saben perder&#8221;<\/p>\n","protected":false},"author":20,"featured_media":437814,"comment_status":"closed","ping_status":"closed","sticky":false,"template":"","format":"standard","meta":[],"categories":[2198,3845],"tags":[],"_links":{"self":[{"href":"http:\/\/desarrollo.grupomedios.com\/futbol\/wp-json\/wp\/v2\/posts\/439234"}],"collection":[{"href":"http:\/\/desarrollo.grupomedios.com\/futbol\/wp-json\/wp\/v2\/posts"}],"about":[{"href":"http:\/\/desarrollo.grupomedios.com\/futbol\/wp-json\/wp\/v2\/types\/post"}],"author":[{"embeddable":true,"href":"http:\/\/desarrollo.grupomedios.com\/futbol\/wp-json\/wp\/v2\/users\/20"}],"replies":[{"embeddable":true,"href":"http:\/\/desarrollo.grupomedios.com\/futbol\/wp-json\/wp\/v2\/comments?post=439234"}],"version-history":[{"count":0,"href":"http:\/\/desarrollo.grupomedios.com\/futbol\/wp-json\/wp\/v2\/posts\/439234\/revisions"}],"wp:featuredmedia":[{"embeddable":true,"href":"http:\/\/desarrollo.grupomedios.com\/futbol\/wp-json\/wp\/v2\/media\/437814"}],"wp:attachment":[{"href":"http:\/\/desarrollo.grupomedios.com\/futbol\/wp-json\/wp\/v2\/media?parent=439234"}],"wp:term":[{"taxonomy":"category","embeddable":true,"href":"http:\/\/desarrollo.grupomedios.com\/futbol\/wp-json\/wp\/v2\/categories?post=439234"},{"taxonomy":"post_tag","embeddable":true,"href":"http:\/\/desarrollo.grupomedios.com\/futbol\/wp-json\/wp\/v2\/tags?post=439234"}],"curies":[{"name":"wp","href":"https:\/\/api.w.org\/{rel}","templated":true}]}}