{"id":439503,"date":"2016-10-30T14:57:04","date_gmt":"2016-10-30T20:57:04","guid":{"rendered":"https:\/\/www.futboltotal.com.mx\/?p=439503"},"modified":"2016-10-30T14:57:04","modified_gmt":"2016-10-30T20:57:04","slug":"bale-firma-millonaria-renovacion-real-madrid","status":"publish","type":"post","link":"http:\/\/desarrollo.grupomedios.com\/futbol\/futbol-internacional\/bale-firma-millonaria-renovacion-real-madrid\/2016\/10","title":{"rendered":"Bale firma millonaria renovaci\u00f3n con Real Madrid"},"content":{"rendered":"<p>El mediocampista gal\u00e9s <strong>Gareth Bale<\/strong> renovar\u00e1 contrato con el <strong>Real Madrid<\/strong>, el cual lo vincular\u00e1 al club hasta el 2022, anunci\u00f3 el conjunto &#8220;merengue&#8221; sin revelar mayores detalles sobre el acuerdo.<\/p>\n<p>El extremo zurdo se une a futbolistas como Lucas V\u00e1zquez, Toni Kroos y Luka Modric, quienes en las \u00faltimas semanas han firmado extensiones de contratos con el equipo blanco.<\/p>\n<p style=\"text-align: center;\"><span style=\"color: #3366ff;\"><strong>LEER M\u00c1S: Todas las noticias de futbol internacional<\/strong><\/span><\/p>\n<blockquote class=\"twitter-tweet\" data-lang=\"es\">\n<p dir=\"ltr\" lang=\"pt\">Comunicado Oficial: Bale<a href=\"https:\/\/t.co\/GiO9oaKtPQ\">https:\/\/t.co\/GiO9oaKtPQ<\/a><a href=\"https:\/\/twitter.com\/hashtag\/Bale2022?src=hash\">#Bale2022<\/a> <a href=\"https:\/\/twitter.com\/hashtag\/RealMadrid?src=hash\">#RealMadrid<\/a> <a href=\"https:\/\/t.co\/gIUb0k9Jmp\">pic.twitter.com\/gIUb0k9Jmp<\/a><\/p>\n<p>\u2014 Real Madrid C. F. (@realmadrid) <a href=\"https:\/\/twitter.com\/realmadrid\/status\/792684026154876928\">30 de octubre de 2016<\/a><\/p><\/blockquote>\n<p><script async src=\"\/\/platform.twitter.com\/widgets.js\" charset=\"utf-8\"><\/script><br \/>\n<strong>Gareth Bale<\/strong> lleg\u00f3 en 2013 a la capital espa\u00f1ola procedente del Tottenham de Inglaterra, a cambio de una cifra r\u00e9cord que rond\u00f3 en los 90 millones de euros (casi 99 millones de d\u00f3lares).<\/p>\n<p>El gal\u00e9s ha conquistado con el Madrid una Copa del Rey, dos Champions League, dos Supercopas de Europa y un Mundial de Clubes durante sus tres a\u00f1os de estancia en la instituci\u00f3n.<\/p>\n","protected":false},"excerpt":{"rendered":"<p>El gal\u00e9s queda como el segundo jugador mejor pagado del club<\/p>\n","protected":false},"author":20,"featured_media":439504,"comment_status":"closed","ping_status":"closed","sticky":false,"template":"","format":"standard","meta":[],"categories":[3839,3844,5951],"tags":[6043,5988],"_links":{"self":[{"href":"http:\/\/desarrollo.grupomedios.com\/futbol\/wp-json\/wp\/v2\/posts\/439503"}],"collection":[{"href":"http:\/\/desarrollo.grupomedios.com\/futbol\/wp-json\/wp\/v2\/posts"}],"about":[{"href":"http:\/\/desarrollo.grupomedios.com\/futbol\/wp-json\/wp\/v2\/types\/post"}],"author":[{"embeddable":true,"href":"http:\/\/desarrollo.grupomedios.com\/futbol\/wp-json\/wp\/v2\/users\/20"}],"replies":[{"embeddable":true,"href":"http:\/\/desarrollo.grupomedios.com\/futbol\/wp-json\/wp\/v2\/comments?post=439503"}],"version-history":[{"count":0,"href":"http:\/\/desarrollo.grupomedios.com\/futbol\/wp-json\/wp\/v2\/posts\/439503\/revisions"}],"wp:featuredmedia":[{"embeddable":true,"href":"http:\/\/desarrollo.grupomedios.com\/futbol\/wp-json\/wp\/v2\/media\/439504"}],"wp:attachment":[{"href":"http:\/\/desarrollo.grupomedios.com\/futbol\/wp-json\/wp\/v2\/media?parent=439503"}],"wp:term":[{"taxonomy":"category","embeddable":true,"href":"http:\/\/desarrollo.grupomedios.com\/futbol\/wp-json\/wp\/v2\/categories?post=439503"},{"taxonomy":"post_tag","embeddable":true,"href":"http:\/\/desarrollo.grupomedios.com\/futbol\/wp-json\/wp\/v2\/tags?post=439503"}],"curies":[{"name":"wp","href":"https:\/\/api.w.org\/{rel}","templated":true}]}}