{"id":439661,"date":"2016-10-31T09:49:34","date_gmt":"2016-10-31T15:49:34","guid":{"rendered":"https:\/\/www.futboltotal.com.mx\/?p=439661"},"modified":"2016-10-31T09:49:34","modified_gmt":"2016-10-31T15:49:34","slug":"michael-arroyo-miedo-cobrar-penal","status":"publish","type":"post","link":"http:\/\/desarrollo.grupomedios.com\/futbol\/futbol-mexicano\/michael-arroyo-miedo-cobrar-penal\/2016\/10","title":{"rendered":"Michael Arroyo, \u00bftuvo miedo de cobrar un penal?"},"content":{"rendered":"<p>Con sus goles, <strong>Michael Arroyo<\/strong> se convirti\u00f3 en la nueva figura del <a href=\"http:\/\/futboltotal.com.mx\/equipos\/america\/\" target=\"_blank\"><strong>Am\u00e9rica<\/strong><\/a>, pues ha hecho anotaciones trascendentales para el equipo, sin embargo, el ecuatoriano habr\u00eda tenido \u201cmiedo\u201d en el momento crucial de las Semifinales de la Copa MX, ya que \u00bfse neg\u00f3 a cobrar un penal?<\/p>\n<p>Durante el torneo copero, las \u00c1guilas ten\u00edan la obligaci\u00f3n de vencer a las Chivas y con ello evitar otra mancha en el centenario; pese a tener ventaja de una diana, el <em>Reba\u00f1o Sagrado<\/em> empat\u00f3 y alarg\u00f3 el cotejo hasta que se definiera desde los 11 pasos, donde <em>Micky<\/em> se habr\u00eda negado a ser un rematador.<\/p>\n<blockquote class=\"twitter-tweet\" data-lang=\"es\">\n<p dir=\"ltr\" lang=\"es\">Buenos d\u00edas <a href=\"https:\/\/twitter.com\/hashtag\/FamiliaAzulcrema?src=hash\">#FamiliaAzulcrema<\/a> Les deseamos un exitoso inicio de semana <a href=\"https:\/\/twitter.com\/hashtag\/SomosAm%C3%A9rica?src=hash\">#SomosAm\u00e9rica<\/a><\/p>\n<p>\u2014 Club Am\u00e9rica (@ClubAmerica) <a href=\"https:\/\/twitter.com\/ClubAmerica\/status\/793105659759849472\">31 de octubre de 2016<\/a><\/p><\/blockquote>\n<p><script async src=\"\/\/platform.twitter.com\/widgets.js\" charset=\"utf-8\"><\/script><\/p>\n<p>De acuerdo a una publicaci\u00f3n del <em>Universal<\/em>, el auxiliar de Ricardo La Volpe, Rafael Garc\u00eda, intent\u00f3 justificar a <strong>Michael Arroyo<\/strong> al afirmar que \u00e9ste ten\u00eda una molestia en la pierna derecha.<\/p>\n<p>Al final, la responsabilidad recay\u00f3 en j\u00f3venes como Osmar Mares, quien fall\u00f3 el tiro que sentenci\u00f3 al <strong>Am\u00e9rica<\/strong> a la eliminaci\u00f3n.<\/p>\n<p><strong>S\u00edguenos en Twitter<\/strong>:\u00a0<a href=\"https:\/\/twitter.com\/MXFutbolTotal\" target=\"_blank\">@MXFutbolTotal<\/a><\/p>\n","protected":false},"excerpt":{"rendered":"<p>El ecuatoriano se habr\u00eda negado a disparar en la Copa MX<\/p>\n","protected":false},"author":20,"featured_media":439662,"comment_status":"closed","ping_status":"closed","sticky":false,"template":"","format":"standard","meta":[],"categories":[2198,3845,5950],"tags":[5959,4775],"_links":{"self":[{"href":"http:\/\/desarrollo.grupomedios.com\/futbol\/wp-json\/wp\/v2\/posts\/439661"}],"collection":[{"href":"http:\/\/desarrollo.grupomedios.com\/futbol\/wp-json\/wp\/v2\/posts"}],"about":[{"href":"http:\/\/desarrollo.grupomedios.com\/futbol\/wp-json\/wp\/v2\/types\/post"}],"author":[{"embeddable":true,"href":"http:\/\/desarrollo.grupomedios.com\/futbol\/wp-json\/wp\/v2\/users\/20"}],"replies":[{"embeddable":true,"href":"http:\/\/desarrollo.grupomedios.com\/futbol\/wp-json\/wp\/v2\/comments?post=439661"}],"version-history":[{"count":0,"href":"http:\/\/desarrollo.grupomedios.com\/futbol\/wp-json\/wp\/v2\/posts\/439661\/revisions"}],"wp:featuredmedia":[{"embeddable":true,"href":"http:\/\/desarrollo.grupomedios.com\/futbol\/wp-json\/wp\/v2\/media\/439662"}],"wp:attachment":[{"href":"http:\/\/desarrollo.grupomedios.com\/futbol\/wp-json\/wp\/v2\/media?parent=439661"}],"wp:term":[{"taxonomy":"category","embeddable":true,"href":"http:\/\/desarrollo.grupomedios.com\/futbol\/wp-json\/wp\/v2\/categories?post=439661"},{"taxonomy":"post_tag","embeddable":true,"href":"http:\/\/desarrollo.grupomedios.com\/futbol\/wp-json\/wp\/v2\/tags?post=439661"}],"curies":[{"name":"wp","href":"https:\/\/api.w.org\/{rel}","templated":true}]}}