{"id":439737,"date":"2016-10-31T18:23:45","date_gmt":"2016-11-01T00:23:45","guid":{"rendered":"https:\/\/www.futboltotal.com.mx\/?p=439737"},"modified":"2016-10-31T18:26:42","modified_gmt":"2016-11-01T00:26:42","slug":"advierten-veto-en-estadio-morelos-monarcas-multado","status":"publish","type":"post","link":"http:\/\/desarrollo.grupomedios.com\/futbol\/futbol-mexicano\/advierten-veto-en-estadio-morelos-monarcas-multado\/2016\/10","title":{"rendered":"Advierten veto en estadio Morelos; Monarcas, multado"},"content":{"rendered":"<p>La Comisi\u00f3n Disciplinaria de la Federaci\u00f3n Mexicana de Futbol (FMF) inform\u00f3 que dio un aviso de veto al estadio Morelos, luego del incidente que se suscit\u00f3 en el partido entre <strong>Morelia<\/strong> y Necaxa el pasado s\u00e1bado.<\/p>\n<p>Dicha instancia explic\u00f3 que, adem\u00e1s, aplic\u00f3 una sanci\u00f3n econ\u00f3mica \u201cpor el ingreso al terreno de juego de un aficionado que intent\u00f3 agredir a un futbolista de los Rayos del Necaxa\u201d, al final del encuentro correspondiente a la fecha 15 del Torneo Apertura 2016 de la Liga MX.<\/p>\n<p style=\"text-align: center;\"><a href=\"https:\/\/www.futboltotal.com.mx\/futbol-mexicano\/\"><span style=\"color: #3366ff;\"><strong>LEER M\u00c1S: Todas las noticias de futbol mexicano<\/strong><\/span><\/a><\/p>\n<p>Por otra parte, el defensa de Veracruz, Jes\u00fas Arturo Paganoni Pe\u00f1a, no estar\u00e1 presente en la visita que realizar\u00e1 su equipo a Monterrey, debido a que fue suspendido un partido \u201cpor recibir una segunda amonestaci\u00f3n en el mismo partido\u201d.<\/p>\n<p>Mientras el defensa de Toluca, \u00d3scar Ricardo Rojas Garc\u00eda, tampoco estar\u00e1 presente cuando su equipo mida fuerzas con Quer\u00e9taro, al recibir, tambi\u00e9n, un duelo de castigo por la misma causa.<\/p>\n","protected":false},"excerpt":{"rendered":"<p>La Monarqu\u00eda fue sancionada porque un aficionado quiso golpear a jugador del Necaxa<\/p>\n","protected":false},"author":20,"featured_media":439738,"comment_status":"closed","ping_status":"closed","sticky":false,"template":"","format":"standard","meta":[],"categories":[2198,3845,5950],"tags":[5967,261],"_links":{"self":[{"href":"http:\/\/desarrollo.grupomedios.com\/futbol\/wp-json\/wp\/v2\/posts\/439737"}],"collection":[{"href":"http:\/\/desarrollo.grupomedios.com\/futbol\/wp-json\/wp\/v2\/posts"}],"about":[{"href":"http:\/\/desarrollo.grupomedios.com\/futbol\/wp-json\/wp\/v2\/types\/post"}],"author":[{"embeddable":true,"href":"http:\/\/desarrollo.grupomedios.com\/futbol\/wp-json\/wp\/v2\/users\/20"}],"replies":[{"embeddable":true,"href":"http:\/\/desarrollo.grupomedios.com\/futbol\/wp-json\/wp\/v2\/comments?post=439737"}],"version-history":[{"count":0,"href":"http:\/\/desarrollo.grupomedios.com\/futbol\/wp-json\/wp\/v2\/posts\/439737\/revisions"}],"wp:featuredmedia":[{"embeddable":true,"href":"http:\/\/desarrollo.grupomedios.com\/futbol\/wp-json\/wp\/v2\/media\/439738"}],"wp:attachment":[{"href":"http:\/\/desarrollo.grupomedios.com\/futbol\/wp-json\/wp\/v2\/media?parent=439737"}],"wp:term":[{"taxonomy":"category","embeddable":true,"href":"http:\/\/desarrollo.grupomedios.com\/futbol\/wp-json\/wp\/v2\/categories?post=439737"},{"taxonomy":"post_tag","embeddable":true,"href":"http:\/\/desarrollo.grupomedios.com\/futbol\/wp-json\/wp\/v2\/tags?post=439737"}],"curies":[{"name":"wp","href":"https:\/\/api.w.org\/{rel}","templated":true}]}}