{"id":439782,"date":"2016-11-01T08:45:14","date_gmt":"2016-11-01T14:45:14","guid":{"rendered":"https:\/\/www.futboltotal.com.mx\/?p=439782"},"modified":"2016-11-01T08:45:14","modified_gmt":"2016-11-01T14:45:14","slug":"bayer-leverkusen-me-ha-dado-lo-necesitaba-chicharito","status":"publish","type":"post","link":"http:\/\/desarrollo.grupomedios.com\/futbol\/destacado-home\/bayer-leverkusen-me-ha-dado-lo-necesitaba-chicharito\/2016\/11","title":{"rendered":"Bayer 04 me ha dado lo que necesitaba: Chicharito"},"content":{"rendered":"<p>El delantero del <strong>Bayer Leverkusen<\/strong> y de la <a href=\"http:\/\/www.futboltotal.com.mx\/futbol-mexicano\/seleccion-mexicana\/\" target=\"_blank\"><strong>Selecci\u00f3n Mexicana<\/strong><\/a>, <strong>Javier el Chicharito Hern\u00e1ndez<\/strong>, tuvo una charla con el portal de la UEFA, donde dio a conocer sus experiencias en el futbol europeo, desde que lleg\u00f3 a Manchester United hasta su actual equipo en Alemania.<\/p>\n<p>\u201cHe sido feliz en todos los clubes en los que he estado, pero la diferencia es que se ha depositado m\u00e1s confianza en m\u00ed aqu\u00ed (en Bayer Leverkusen). Como mi primer a\u00f1o en el United. Sir Alex Ferguson me dio muchos minutos y afortunadamente pudimos ganar la Premier League y llegamos a la final de la UEFA Champions League\u201d, se\u00f1al\u00f3 <strong>Chicharito<\/strong>.<\/p>\n<p>El mexicano comparti\u00f3 que ha tenido altibajos, ya sea por rendimiento o por la confianza que hay en \u00e9l; por eso <strong>Bayer Leverkusen<\/strong> lo tiene contento, pues ha podido mostrarse en el cuadro de la <strong>Bundesliga<\/strong>, gracias a la confianza depositada en \u00e9l.<\/p>\n<p style=\"text-align: center;\"><span style=\"color: #3366ff;\"><a style=\"color: #3366ff;\" href=\"https:\/\/www.futboltotal.com.mx\/2016\/11\/jornada-crucial-mexicanos-en-champions\/\" target=\"_blank\"><strong>LEER M\u00c1S: Semana crucial para los mexicanos en Champions League<\/strong><\/a><\/span><\/p>\n<p>\u201cLo que me ha dado el <strong>Bayer Leverkusen<\/strong> es mucha confianza y minutos, que es justo lo que necesitaba. Estoy jugando 30 partidos por temporada y desde el principio todos. Hicimos una gran temporada la pasada campa\u00f1a, terminando terceros en la Bundesliga y clasific\u00e1ndonos para la UEFA Champions League. Este temporada tenemos buenas opciones\u201d, agreg\u00f3 el mexicano.<\/p>\n<p><strong>Chicharito<\/strong>, quien est\u00e1 muy cerca de ser el m\u00e1ximo goleador en la historia de la <strong>Selecci\u00f3n Mexicana<\/strong>, tambi\u00e9n siente que la Bundesliga es una liga competitiva porque en ella se lleva a cabo un futbol que recoge estilos de otras ligas.<\/p>\n<p>\u201cEs una combinaci\u00f3n entre la Premier League y la Liga de Espa\u00f1a porque es muy f\u00edsica pero tambi\u00e9n quiere jugar al f\u00fatbol. Es una de las mejores ligas del mundo y por ello me est\u00e1 ayudando a mejorar. Me gusta asistir a mis compa\u00f1eros, no todo es marcar goles, tambi\u00e9n hay que hacer buenas jugadas y aguantar el bal\u00f3n\u201d, concluy\u00f3.<\/p>\n","protected":false},"excerpt":{"rendered":"<p>Javier Hern\u00e1ndez habla con la UEFA sobre su paso por Europa<\/p>\n","protected":false},"author":20,"featured_media":439783,"comment_status":"closed","ping_status":"closed","sticky":false,"template":"","format":"standard","meta":[],"categories":[5,3839,6822,6718],"tags":[4335,119,120],"_links":{"self":[{"href":"http:\/\/desarrollo.grupomedios.com\/futbol\/wp-json\/wp\/v2\/posts\/439782"}],"collection":[{"href":"http:\/\/desarrollo.grupomedios.com\/futbol\/wp-json\/wp\/v2\/posts"}],"about":[{"href":"http:\/\/desarrollo.grupomedios.com\/futbol\/wp-json\/wp\/v2\/types\/post"}],"author":[{"embeddable":true,"href":"http:\/\/desarrollo.grupomedios.com\/futbol\/wp-json\/wp\/v2\/users\/20"}],"replies":[{"embeddable":true,"href":"http:\/\/desarrollo.grupomedios.com\/futbol\/wp-json\/wp\/v2\/comments?post=439782"}],"version-history":[{"count":0,"href":"http:\/\/desarrollo.grupomedios.com\/futbol\/wp-json\/wp\/v2\/posts\/439782\/revisions"}],"wp:featuredmedia":[{"embeddable":true,"href":"http:\/\/desarrollo.grupomedios.com\/futbol\/wp-json\/wp\/v2\/media\/439783"}],"wp:attachment":[{"href":"http:\/\/desarrollo.grupomedios.com\/futbol\/wp-json\/wp\/v2\/media?parent=439782"}],"wp:term":[{"taxonomy":"category","embeddable":true,"href":"http:\/\/desarrollo.grupomedios.com\/futbol\/wp-json\/wp\/v2\/categories?post=439782"},{"taxonomy":"post_tag","embeddable":true,"href":"http:\/\/desarrollo.grupomedios.com\/futbol\/wp-json\/wp\/v2\/tags?post=439782"}],"curies":[{"name":"wp","href":"https:\/\/api.w.org\/{rel}","templated":true}]}}