{"id":439787,"date":"2016-11-01T09:14:58","date_gmt":"2016-11-01T15:14:58","guid":{"rendered":"https:\/\/www.futboltotal.com.mx\/?p=439787"},"modified":"2016-11-01T09:14:58","modified_gmt":"2016-11-01T15:14:58","slug":"ante-chivas-actitud-victor-manuel-vucetich","status":"publish","type":"post","link":"http:\/\/desarrollo.grupomedios.com\/futbol\/futbol-mexicano\/ante-chivas-actitud-victor-manuel-vucetich\/2016\/11","title":{"rendered":"Ante Chivas, con actitud: V\u00edctor Manuel Vucetich"},"content":{"rendered":"<p>El director t\u00e9cnico de los <a href=\"http:\/\/www.futboltotal.com.mx\/equipos\/queretaro\/\" target=\"_blank\"><strong><em>Gallos Blancos<\/em> del Quer\u00e9taro<\/strong><\/a>, <strong>V\u00edctor Manuel Vucetich<\/strong>, revel\u00f3 en una entrevista que buscar\u00e1 mantener el nivel de su equipo, tanto en Liga como en Copa, la que aspiran ganar para adjudicarse la primera corona de su historia, como equipo de Primera Divisi\u00f3n.<\/p>\n<p>\u201cEl equipo ha tenido una reacci\u00f3n importante. El \u00e9xito est\u00e1 en trabajar con la gente. Hay que trabajar a los jugadores para que crezcan\u201d, explic\u00f3 el estratega en una charla con la cadena <em>Fox Sports<\/em>.<\/p>\n<p>El director t\u00e9cnico de <strong>Quer\u00e9taro<\/strong> se\u00f1ala que para mantenerse en la mejor forma, tanto mental como f\u00edsica, tiene una clave, y esa es la que busca utilizar para cerrar con broche de oro en la Liga MX e intentar conquistar la Copa MX.<\/p>\n<p style=\"text-align: center;\"><span style=\"color: #3366ff;\"><a style=\"color: #3366ff;\" href=\"https:\/\/www.futboltotal.com.mx\/2016\/11\/arruinamos-centenario-del-america-pulido\/\" target=\"_blank\"><strong>LEER M\u00c1S: Alan Pulido tunde al Am\u00e9rica<\/strong><\/a><\/span><\/p>\n<p>\u201cDe las situaciones m\u00e1s dif\u00edciles salimos m\u00e1s fortalecidos. Queremos mantener la actitud&#8221;, agreg\u00f3 el <em>Rey Midas<\/em>, en v\u00edsperas de la final de la Copa MX del Apertura 2016.<\/p>\n","protected":false},"excerpt":{"rendered":"<p>El Rey Midas habla del momento de los Gallos<\/p>\n","protected":false},"author":20,"featured_media":439788,"comment_status":"closed","ping_status":"closed","sticky":false,"template":"","format":"standard","meta":[],"categories":[2198,3845,5950],"tags":[5970,1575],"_links":{"self":[{"href":"http:\/\/desarrollo.grupomedios.com\/futbol\/wp-json\/wp\/v2\/posts\/439787"}],"collection":[{"href":"http:\/\/desarrollo.grupomedios.com\/futbol\/wp-json\/wp\/v2\/posts"}],"about":[{"href":"http:\/\/desarrollo.grupomedios.com\/futbol\/wp-json\/wp\/v2\/types\/post"}],"author":[{"embeddable":true,"href":"http:\/\/desarrollo.grupomedios.com\/futbol\/wp-json\/wp\/v2\/users\/20"}],"replies":[{"embeddable":true,"href":"http:\/\/desarrollo.grupomedios.com\/futbol\/wp-json\/wp\/v2\/comments?post=439787"}],"version-history":[{"count":0,"href":"http:\/\/desarrollo.grupomedios.com\/futbol\/wp-json\/wp\/v2\/posts\/439787\/revisions"}],"wp:featuredmedia":[{"embeddable":true,"href":"http:\/\/desarrollo.grupomedios.com\/futbol\/wp-json\/wp\/v2\/media\/439788"}],"wp:attachment":[{"href":"http:\/\/desarrollo.grupomedios.com\/futbol\/wp-json\/wp\/v2\/media?parent=439787"}],"wp:term":[{"taxonomy":"category","embeddable":true,"href":"http:\/\/desarrollo.grupomedios.com\/futbol\/wp-json\/wp\/v2\/categories?post=439787"},{"taxonomy":"post_tag","embeddable":true,"href":"http:\/\/desarrollo.grupomedios.com\/futbol\/wp-json\/wp\/v2\/tags?post=439787"}],"curies":[{"name":"wp","href":"https:\/\/api.w.org\/{rel}","templated":true}]}}