{"id":440013,"date":"2016-11-01T18:26:09","date_gmt":"2016-11-02T00:26:09","guid":{"rendered":"https:\/\/www.futboltotal.com.mx\/?p=440013"},"modified":"2016-11-01T18:28:12","modified_gmt":"2016-11-02T00:28:12","slug":"ozil-anota-golazo-antologia-en-champions","status":"publish","type":"post","link":"http:\/\/desarrollo.grupomedios.com\/futbol\/futbol-internacional\/ozil-anota-golazo-antologia-en-champions\/2016\/11","title":{"rendered":"\u00d6zil anota GOLAZO de antolog\u00eda en Champions"},"content":{"rendered":"<p>El mediocampista alem\u00e1n <strong>Mesut \u00d6zil\u00a0<\/strong>marc\u00f3 este martes uno de los mejores goles en la historia de la UEFA Champions League. Lo hizo en la cuarta jornada de la fase de grupos, frente al Ludogorets, en Natsionalen stadion Vasil Levski. La obra de arte retrat\u00f3 un contragolpe fulminante y la trepidante remontada 2-3 que vali\u00f3 para sentenciar la clasificaci\u00f3n a Octavos de Final del Arsenal por decimos\u00e9ptima ocasi\u00f3n consecutiva.<\/p>\n<p style=\"text-align: center;\"><a href=\"https:\/\/www.futboltotal.com.mx\/2016\/11\/clasificados-a-octavos-de-champions-league\/\"><span style=\"color: #3366ff;\">LEER M\u00c1S: Definidos a Octavos de Final de Champoions<\/span><\/a><\/p>\n<p><iframe loading=\"lazy\" src=\"https:\/\/www.youtube.com\/embed\/ixnZDBrgTnE\" frameborder=\"0\" allowfullscreen=\"allowfullscreen\"><\/iframe><\/p>\n","protected":false},"excerpt":{"rendered":"<p>El alem\u00e1n firm\u00f3 sentenci\u00f3 la clasificaci\u00f3n a Octavos del Arsenal<\/p>\n","protected":false},"author":20,"featured_media":440008,"comment_status":"closed","ping_status":"closed","sticky":false,"template":"","format":"standard","meta":[],"categories":[3841,3839],"tags":[6044,465],"_links":{"self":[{"href":"http:\/\/desarrollo.grupomedios.com\/futbol\/wp-json\/wp\/v2\/posts\/440013"}],"collection":[{"href":"http:\/\/desarrollo.grupomedios.com\/futbol\/wp-json\/wp\/v2\/posts"}],"about":[{"href":"http:\/\/desarrollo.grupomedios.com\/futbol\/wp-json\/wp\/v2\/types\/post"}],"author":[{"embeddable":true,"href":"http:\/\/desarrollo.grupomedios.com\/futbol\/wp-json\/wp\/v2\/users\/20"}],"replies":[{"embeddable":true,"href":"http:\/\/desarrollo.grupomedios.com\/futbol\/wp-json\/wp\/v2\/comments?post=440013"}],"version-history":[{"count":0,"href":"http:\/\/desarrollo.grupomedios.com\/futbol\/wp-json\/wp\/v2\/posts\/440013\/revisions"}],"wp:featuredmedia":[{"embeddable":true,"href":"http:\/\/desarrollo.grupomedios.com\/futbol\/wp-json\/wp\/v2\/media\/440008"}],"wp:attachment":[{"href":"http:\/\/desarrollo.grupomedios.com\/futbol\/wp-json\/wp\/v2\/media?parent=440013"}],"wp:term":[{"taxonomy":"category","embeddable":true,"href":"http:\/\/desarrollo.grupomedios.com\/futbol\/wp-json\/wp\/v2\/categories?post=440013"},{"taxonomy":"post_tag","embeddable":true,"href":"http:\/\/desarrollo.grupomedios.com\/futbol\/wp-json\/wp\/v2\/tags?post=440013"}],"curies":[{"name":"wp","href":"https:\/\/api.w.org\/{rel}","templated":true}]}}