{"id":440081,"date":"2016-11-02T09:27:24","date_gmt":"2016-11-02T15:27:24","guid":{"rendered":"https:\/\/www.futboltotal.com.mx\/?p=440081"},"modified":"2016-11-02T09:43:05","modified_gmt":"2016-11-02T15:43:05","slug":"moises-munoz-interesado-en-titulos-en-clasicos","status":"publish","type":"post","link":"http:\/\/desarrollo.grupomedios.com\/futbol\/futbol-mexicano\/moises-munoz-interesado-en-titulos-en-clasicos\/2016\/11","title":{"rendered":"Moy Mu\u00f1oz, interesado en t\u00edtulos y no en cl\u00e1sicos"},"content":{"rendered":"<p>Luego de las dos derrotas sufridas por parte de <span style=\"color: #ff0000;\"><a style=\"color: #ff0000;\" href=\"http:\/\/futboltotal.com.mx\/equipos\/america\/\">Am\u00e9rica<\/a><\/span> ante Chivas el guardameta de las <em>\u00c1guilas<\/em>, <strong>Mois\u00e9s Mu\u00f1oz<\/strong>, indic\u00f3 que tiene m\u00e1s relevancia ganar t\u00edtulos que partidos, como lo ha hecho su equipo en los \u00faltimos a\u00f1os.<\/p>\n<p>Ante un posible enfrentamiento en la Liguilla, debido a las posiciones que ahorita mantienen ambos equipos en el Apertura 2016,<em> \u00c1guilas y Chivas<\/em> estar\u00edan enfrent\u00e1ndose de nuevo, situaci\u00f3n que Mu\u00f1oz vio como una buena posibilidad.<\/p>\n<blockquote><p>&#8220;Me gustar\u00eda lo que sea. La verdad es que me interesa m\u00e1s ganar un t\u00edtulo que ganar el Cl\u00e1sico, lo m\u00e1s importante es levantar la copa y si nos toca hacerlo contra Chivas, pues bienvenido&#8221;, declar\u00f3 <strong>Mu\u00f1oz<\/strong> durante la conferencia de prensa llevada a cabo este martes.<\/p><\/blockquote>\n<p>Adem\u00e1s, el portero del Am\u00e9rica revel\u00f3 que ellos buscan el t\u00edtulo desde el inicio de temporada y es su \u00fanica aspiraci\u00f3n, ya que es una de las exigencias que tiene el club.<\/p>\n<p>&#8220;Eso a lo mejor es nuevo para ustedes; para nosotros, desde el inicio de temporada, sabemos que lo \u00fanico por lo que nosotros aspiramos y lo \u00fanico que nosotros sabemos que puede tener contenta a nuestra afici\u00f3n, a la directiva y a nosotros mismos es el t\u00edtulo. No es ganar un partido, sino conseguir un t\u00edtulo&#8221;, expres\u00f3.<\/p>\n<p style=\"text-align: center;\"><span style=\"color: #3366ff;\"><a style=\"color: #3366ff;\" href=\"https:\/\/www.futboltotal.com.mx\/2016\/11\/los-hombres-clave-la-copa-mx\/\">LEER M\u00c1S: Los hombres clave de la Copa MX<\/a><\/span><\/p>\n<p><strong>Mu\u00f1oz<\/strong> tambi\u00e9n dijo que su equipo reaccion\u00f3 bien luego de la derrota ante Chivas, pues sab\u00edan de la urgencia de vencer a Santos para poder estar m\u00e1s cerca de la Liguilla.<\/p>\n<p>&#8220;Necesit\u00e1bamos ganar, sobre todo por los resultados que se dieron antes de este partido. Era important\u00edsima la victoria, ayuda mucho en lo an\u00edmico, creo que siempre es importante levantarnos de una derrota y hacerlo con una victoria, jugando al futbol. Ahora debemos ganar los dos partidos del cierre (Atlas y Pachuca) y prepararnos para llegar de la mejor manera posible a la Liguilla&#8221;,finaliz\u00f3<em> Moy<\/em>.<\/p>\n","protected":false},"excerpt":{"rendered":"<p>El portero americanista vio con buenos ojos un Cl\u00e1sico en la Liguilla<\/p>\n","protected":false},"author":20,"featured_media":411579,"comment_status":"closed","ping_status":"closed","sticky":false,"template":"","format":"standard","meta":[],"categories":[2198,3845,5950],"tags":[5959,635],"_links":{"self":[{"href":"http:\/\/desarrollo.grupomedios.com\/futbol\/wp-json\/wp\/v2\/posts\/440081"}],"collection":[{"href":"http:\/\/desarrollo.grupomedios.com\/futbol\/wp-json\/wp\/v2\/posts"}],"about":[{"href":"http:\/\/desarrollo.grupomedios.com\/futbol\/wp-json\/wp\/v2\/types\/post"}],"author":[{"embeddable":true,"href":"http:\/\/desarrollo.grupomedios.com\/futbol\/wp-json\/wp\/v2\/users\/20"}],"replies":[{"embeddable":true,"href":"http:\/\/desarrollo.grupomedios.com\/futbol\/wp-json\/wp\/v2\/comments?post=440081"}],"version-history":[{"count":0,"href":"http:\/\/desarrollo.grupomedios.com\/futbol\/wp-json\/wp\/v2\/posts\/440081\/revisions"}],"wp:featuredmedia":[{"embeddable":true,"href":"http:\/\/desarrollo.grupomedios.com\/futbol\/wp-json\/wp\/v2\/media\/411579"}],"wp:attachment":[{"href":"http:\/\/desarrollo.grupomedios.com\/futbol\/wp-json\/wp\/v2\/media?parent=440081"}],"wp:term":[{"taxonomy":"category","embeddable":true,"href":"http:\/\/desarrollo.grupomedios.com\/futbol\/wp-json\/wp\/v2\/categories?post=440081"},{"taxonomy":"post_tag","embeddable":true,"href":"http:\/\/desarrollo.grupomedios.com\/futbol\/wp-json\/wp\/v2\/tags?post=440081"}],"curies":[{"name":"wp","href":"https:\/\/api.w.org\/{rel}","templated":true}]}}