{"id":440103,"date":"2016-11-02T13:10:09","date_gmt":"2016-11-02T19:10:09","guid":{"rendered":"https:\/\/www.futboltotal.com.mx\/?p=440103"},"modified":"2016-11-02T16:15:47","modified_gmt":"2016-11-02T22:15:47","slug":"en-vivo-porto-vs-brujas-champions","status":"publish","type":"post","link":"http:\/\/desarrollo.grupomedios.com\/futbol\/futbol-internacional\/en-vivo-porto-vs-brujas-champions\/2016\/11","title":{"rendered":"AS\u00cd SE VIVI\u00d3 | Porto 1-0 Brujas | Champions"},"content":{"rendered":"<p>El <strong>Porto<\/strong>, en donde militan los mexicanos Miguel Lay\u00fan, H\u00e9ctor Herrera y Jes\u00fas <em>Tecatito<\/em> Corona, buscar\u00e1 una victoria este mi\u00e9rcoles cuando se mida al conjunto belga de Brujas como parte de la cuarta jornada de la Champions League.<\/p>\n<p>En el primer enfrentamiento <strong>Porto vs Brujas<\/strong>, en la tercera fecha del certamen continental en el estadio Jan Breydel, en B\u00e9lgica, en donde los <em>Dragones<\/em>\u00a0salieron con triunfo de 2-1 con anotaciones de Miguel Lay\u00fan al minuto 68 y de Andr\u00e9 Silva al 93, mientras que por los <em>Brujas<\/em>\u00a0marc\u00f3 el delantero Jelle Vossen al 12.<\/p>\n<p style=\"text-align: center;\"><a href=\"https:\/\/www.futboltotal.com.mx\/2016\/11\/jornada-crucial-mexicanos-en-champions\/\"><span style=\"color: #3366ff;\">LEER M\u00c1S: Mexicanos, a escena en Champions<\/span><\/a><\/p>\n<p style=\"text-align: center;\"><a href=\"https:\/\/www.futboltotal.com.mx\/wp-content\/uploads\/2016\/11\/Porto.jpg\"><img decoding=\"async\" loading=\"lazy\" class=\"alignnone size-full wp-image-440104\" src=\"https:\/\/www.futboltotal.com.mx\/wp-content\/uploads\/2016\/11\/Porto.jpg\" alt=\"porto\" srcset=\"http:\/\/desarrollo.grupomedios.com\/futbol\/wp-content\/uploads\/2016\/11\/Porto.jpg 858w, http:\/\/desarrollo.grupomedios.com\/futbol\/wp-content\/uploads\/2016\/11\/Porto-300x151.jpg 300w, http:\/\/desarrollo.grupomedios.com\/futbol\/wp-content\/uploads\/2016\/11\/Porto-768x386.jpg 768w, http:\/\/desarrollo.grupomedios.com\/futbol\/wp-content\/uploads\/2016\/11\/Porto-340x171.jpg 340w\" sizes=\"(max-width: 858px) 100vw, 858px\" \/><\/a><\/p>\n<p>La escuadra portuguesa se coloca en la tercera posici\u00f3n del grupo G con cuatro puntos producto de una victoria, un empate y una derrota, mientras que Brujas se ubica en el fondo tras no conocer el triunfo en sus tres primeros cotejos.<\/p>\n<p><strong>Porto<\/strong>, monarcas de la Liga de Campeones en la temporada 2003-2004, se han enfrentado en tres ocasiones a equipos belgas con un saldo de dos victorias frente al Brujas y el Anderlecht, m\u00e1s una derrota en contra de este \u00faltimo.<\/p>\n<p><a href=\"https:\/\/www.futboltotal.com.mx\/wp-content\/uploads\/2016\/11\/Brujas.jpg\"><img decoding=\"async\" loading=\"lazy\" class=\"alignnone size-full wp-image-440105\" src=\"https:\/\/www.futboltotal.com.mx\/wp-content\/uploads\/2016\/11\/Brujas.jpg\" alt=\"brujas\" srcset=\"http:\/\/desarrollo.grupomedios.com\/futbol\/wp-content\/uploads\/2016\/11\/Brujas.jpg 858w, http:\/\/desarrollo.grupomedios.com\/futbol\/wp-content\/uploads\/2016\/11\/Brujas-300x151.jpg 300w, http:\/\/desarrollo.grupomedios.com\/futbol\/wp-content\/uploads\/2016\/11\/Brujas-768x386.jpg 768w, http:\/\/desarrollo.grupomedios.com\/futbol\/wp-content\/uploads\/2016\/11\/Brujas-340x171.jpg 340w\" sizes=\"(max-width: 858px) 100vw, 858px\" \/><\/a><\/p>\n<p>Por su lado, el campe\u00f3n de la Jupiler Pro League y subcampe\u00f3n de la Champions en la campa\u00f1a 1977-1978 s\u00f3lo registra un encuentro frente a equipos lusitanos, el cual se dio en este a\u00f1o con la derrota de 2-1 en contra de su rival para este mi\u00e9rcoles, con quien se medir\u00e1 en punto de las 13:45 horas, tiempo del centro de M\u00e9xico.<\/p>\n","protected":false},"excerpt":{"rendered":"<p>Los mexicanos buscan dar un paso importante rumbo a Octavos de Final<\/p>\n","protected":false},"author":20,"featured_media":440104,"comment_status":"closed","ping_status":"closed","sticky":false,"template":"","format":"standard","meta":[],"categories":[3841,3839,6718],"tags":[5921,97,1208],"_links":{"self":[{"href":"http:\/\/desarrollo.grupomedios.com\/futbol\/wp-json\/wp\/v2\/posts\/440103"}],"collection":[{"href":"http:\/\/desarrollo.grupomedios.com\/futbol\/wp-json\/wp\/v2\/posts"}],"about":[{"href":"http:\/\/desarrollo.grupomedios.com\/futbol\/wp-json\/wp\/v2\/types\/post"}],"author":[{"embeddable":true,"href":"http:\/\/desarrollo.grupomedios.com\/futbol\/wp-json\/wp\/v2\/users\/20"}],"replies":[{"embeddable":true,"href":"http:\/\/desarrollo.grupomedios.com\/futbol\/wp-json\/wp\/v2\/comments?post=440103"}],"version-history":[{"count":0,"href":"http:\/\/desarrollo.grupomedios.com\/futbol\/wp-json\/wp\/v2\/posts\/440103\/revisions"}],"wp:featuredmedia":[{"embeddable":true,"href":"http:\/\/desarrollo.grupomedios.com\/futbol\/wp-json\/wp\/v2\/media\/440104"}],"wp:attachment":[{"href":"http:\/\/desarrollo.grupomedios.com\/futbol\/wp-json\/wp\/v2\/media?parent=440103"}],"wp:term":[{"taxonomy":"category","embeddable":true,"href":"http:\/\/desarrollo.grupomedios.com\/futbol\/wp-json\/wp\/v2\/categories?post=440103"},{"taxonomy":"post_tag","embeddable":true,"href":"http:\/\/desarrollo.grupomedios.com\/futbol\/wp-json\/wp\/v2\/tags?post=440103"}],"curies":[{"name":"wp","href":"https:\/\/api.w.org\/{rel}","templated":true}]}}