{"id":440115,"date":"2016-11-02T12:14:03","date_gmt":"2016-11-02T18:14:03","guid":{"rendered":"https:\/\/www.futboltotal.com.mx\/?p=440115"},"modified":"2016-11-02T12:14:03","modified_gmt":"2016-11-02T18:14:03","slug":"puch-alexis-encabezan-la-convocatoria-chile","status":"publish","type":"post","link":"http:\/\/desarrollo.grupomedios.com\/futbol\/futbol-internacional\/puch-alexis-encabezan-la-convocatoria-chile\/2016\/11","title":{"rendered":"Puch y Alexis encabezan la convocatoria de Chile"},"content":{"rendered":"<p>El seleccionador de <strong>Chile<\/strong>, Juan Antonio Pizzi, convoc\u00f3 hoy a diecisiete jugadores que juegan en el exterior para los pr\u00f3ximos partidos de <em>la Roja<\/em>\u00a0contra Colombia y Uruguay, en el clasificatorio sudamericano al Mundial de Rusia 2016.<\/p>\n<blockquote class=\"twitter-tweet\" data-width=\"500\">\n<p lang=\"es\" dir=\"ltr\">\u00a1CONVOCADOS! Estos son los jugadores del extranjero citados para los duelos con <a href=\"https:\/\/twitter.com\/FCFSeleccionCol\">@FCFSeleccionCol<\/a>  y <a href=\"https:\/\/twitter.com\/Uruguay\">@Uruguay<\/a> <a href=\"https:\/\/t.co\/4YmPs2u1G1\">https:\/\/t.co\/4YmPs2u1G1<\/a> <a href=\"https:\/\/t.co\/aJGEV5YJJu\">pic.twitter.com\/aJGEV5YJJu<\/a><\/p>\n<p>&mdash; Selecci\u00f3n Chilena (@LaRoja) <a href=\"https:\/\/twitter.com\/LaRoja\/status\/793836866307026944\">November 2, 2016<\/a><\/p><\/blockquote>\n<p><script async src=\"\/\/platform.twitter.com\/widgets.js\" charset=\"utf-8\"><\/script><\/p>\n<p>La selecci\u00f3n de<strong> Chile<\/strong> visitar\u00e1 a Colombia en Barranquilla, el 10 del presente noviembre, y recibir\u00e1 a Uruguay en Santiago, el 15 de este mes.<\/p>\n<p>La lista es encabezada por el portero del Manchester City ingl\u00e9s y capit\u00e1n de <em>la Roja<\/em>, Claudio Bravo, el centrocampista del Bayern Munich Arturo Vidal y el delantero del Manchester Alexis S\u00e1nchez.-<\/p>\n<p style=\"text-align: center;\"><span style=\"color: #3366ff;\"><a style=\"color: #3366ff;\" href=\"https:\/\/www.futboltotal.com.mx\/2016\/11\/fifa-sanciona-a-bolivia-perjudica-a-argentina\/\" target=\"_blank\">LEER M\u00c1S: FIFA sanciona a Bolivia y perjudica a Argentina<\/a><\/span><\/p>\n<p>En esta ocasi\u00f3n, Pizzi prescindi\u00f3 de los delanteros Mauricio Pinilla, del Atalanta italiano y Junio Fernandes, del D\u00ednamo Zagreb croata, que hab\u00edan sido convocados en la anterior jornada mundialista, en la que Chile perdi\u00f3 ante Ecuador, en Quito y gan\u00f3 a Per\u00fa, en Santiago, el \u00faltimo octubre.<\/p>\n<p>La lista, que ser\u00e1 complementada en los pr\u00f3ximos d\u00edas con jugadores en equipos chilenos, es la siguiente:<\/p>\n<p>&#8211; Porteros: Claudio Bravo (Manchester City, Inglaterra).<\/p>\n<p>&#8211; Defensas: Gary Medel (Inter de Mil\u00e1n, Italia), Mauricio Isla (Cagliari, Italia), <strong>Enzo Roco (Cruz Azul, M\u00e9xico), Francisco Silva (Cruz Azul, M\u00e9xico)<\/strong>, Miiko Albornoz (Hannover 96, Alemania), Eugenio Mena (Sao Paulo, Brasil), Erik Pulgar (Bolonia, Italia).<\/p>\n<p>&#8211; Centrocampistas: Arturo Vidal (Bayern M\u00fanich, Alemania), Marcelo Diaz (Celta, Espa\u00f1a), Felipe Guti\u00e9rrez (Real Betis, Espa\u00f1a), Charles Ar\u00e1nguiz (Bayer Leverkusen, Alemania), Pedro Pablo Hern\u00e1ndez (Celta, Espa\u00f1a)<\/p>\n<p>&#8211; Delanteros: Alexis S\u00e1nchez (Arsenal, Inglaterra) Eduardo Vargas (Hoffenhein, Alemania), <strong>Edson Puch (Necaxa, M\u00e9xico)<\/strong> y Fabi\u00e1n Orellana (Celta, Espa\u00f1a).<\/p>\n<p><strong>Chile<\/strong> es quinto en la clasificaci\u00f3n de la liguilla mundialista, con 16 puntos, despu\u00e9s que la FIFA le adjudicara el triunfo en su partido con Bolivia, el pasado 6 de septiembre, que finaliz\u00f3 0-0 sobre el terreno de juego, tras reclamar por la actuaci\u00f3n en el equipo andino de Nelson Cabrera, de origen paraguayo, por ser &#8220;inelegible&#8221; para dicho encuentro.<\/p>\n","protected":false},"excerpt":{"rendered":"<p>Tambi\u00e9n los jugadores de Cruz Azul formaron parte de los convocados<\/p>\n","protected":false},"author":144,"featured_media":405021,"comment_status":"closed","ping_status":"closed","sticky":false,"template":"","format":"standard","meta":[],"categories":[3839,5951],"tags":[406,7454],"_links":{"self":[{"href":"http:\/\/desarrollo.grupomedios.com\/futbol\/wp-json\/wp\/v2\/posts\/440115"}],"collection":[{"href":"http:\/\/desarrollo.grupomedios.com\/futbol\/wp-json\/wp\/v2\/posts"}],"about":[{"href":"http:\/\/desarrollo.grupomedios.com\/futbol\/wp-json\/wp\/v2\/types\/post"}],"author":[{"embeddable":true,"href":"http:\/\/desarrollo.grupomedios.com\/futbol\/wp-json\/wp\/v2\/users\/144"}],"replies":[{"embeddable":true,"href":"http:\/\/desarrollo.grupomedios.com\/futbol\/wp-json\/wp\/v2\/comments?post=440115"}],"version-history":[{"count":0,"href":"http:\/\/desarrollo.grupomedios.com\/futbol\/wp-json\/wp\/v2\/posts\/440115\/revisions"}],"wp:featuredmedia":[{"embeddable":true,"href":"http:\/\/desarrollo.grupomedios.com\/futbol\/wp-json\/wp\/v2\/media\/405021"}],"wp:attachment":[{"href":"http:\/\/desarrollo.grupomedios.com\/futbol\/wp-json\/wp\/v2\/media?parent=440115"}],"wp:term":[{"taxonomy":"category","embeddable":true,"href":"http:\/\/desarrollo.grupomedios.com\/futbol\/wp-json\/wp\/v2\/categories?post=440115"},{"taxonomy":"post_tag","embeddable":true,"href":"http:\/\/desarrollo.grupomedios.com\/futbol\/wp-json\/wp\/v2\/tags?post=440115"}],"curies":[{"name":"wp","href":"https:\/\/api.w.org\/{rel}","templated":true}]}}