{"id":440436,"date":"2016-11-03T08:14:03","date_gmt":"2016-11-03T14:14:03","guid":{"rendered":"https:\/\/www.futboltotal.com.mx\/?p=440436"},"modified":"2016-11-03T14:32:13","modified_gmt":"2016-11-03T20:32:13","slug":"ronaldinho-se-suma-a-los-festejos-gallos","status":"publish","type":"post","link":"http:\/\/desarrollo.grupomedios.com\/futbol\/futbol-mexicano\/ronaldinho-se-suma-a-los-festejos-gallos\/2016\/11","title":{"rendered":"Ronaldinho se suma a los festejos de Gallos"},"content":{"rendered":"<p>A los Gallos del Quer\u00e9taro les llovieron felicitaciones despu\u00e9s de la conquista de su primer t\u00edtulo y una de ellas fue nada menos que del que fuera su fichjae estrella hace un par de a\u00f1os: <strong>Ronaldinho Gaucho.\u00a0<\/strong><\/p>\n<p>Mientras la afici\u00f3n del Quer\u00e9taro y lo jugadores del club celebraban la Copa MX, el brasile\u00f1o public\u00f3 en su cuenta de<em> twitter\u00a0<\/em>una imagen en la que aparece celebrando un doblete con <em>Gallos,\u00a0<\/em>que marc\u00f3 en la cancha del estadio Azteca en la goleada 0-4 sobre Am\u00e9rica, en abril de 2015.<\/p>\n<p style=\"text-align: center;\"><a href=\"https:\/\/www.futboltotal.com.mx\/2016\/11\/tiago-volpi-heroe-espero-la-liga-mx-48-anos\/\"><span style=\"color: #3366ff;\">LEER M\u00c1S: Volpi, el h\u00e9roe del Qu\u00e9retaro en la Final de Copa MX<\/span><\/a><\/p>\n<p><a href=\"https:\/\/www.futboltotal.com.mx\/wp-content\/uploads\/2016\/11\/Screen-Shot-2016-11-03-at-7.54.01-AM.png\"><img decoding=\"async\" loading=\"lazy\" class=\"alignnone size-full wp-image-440437\" src=\"https:\/\/www.futboltotal.com.mx\/wp-content\/uploads\/2016\/11\/Screen-Shot-2016-11-03-at-7.54.01-AM.png\" alt=\"screen-shot-2016-11-03-at-7-54-01-am\" srcset=\"http:\/\/desarrollo.grupomedios.com\/futbol\/wp-content\/uploads\/2016\/11\/Screen-Shot-2016-11-03-at-7.54.01-AM.png 761w, http:\/\/desarrollo.grupomedios.com\/futbol\/wp-content\/uploads\/2016\/11\/Screen-Shot-2016-11-03-at-7.54.01-AM-300x257.png 300w\" sizes=\"(max-width: 761px) 100vw, 761px\" \/><\/a><br \/>\n<strong>Ronaldinho<\/strong>\u00a0tambi\u00e9n elogi\u00f3 el desempe\u00f1o de su connacional Tiago Volpi, quien tap\u00f3 dos penales y adem\u00e1s anot\u00f3 un gol.<\/p>\n<blockquote class=\"twitter-tweet\" data-lang=\"es\">\n<p dir=\"ltr\" lang=\"pt\">Parab\u00e9ns <a href=\"https:\/\/twitter.com\/Club_Queretaro\">@Club_Queretaro<\/a>!! Grande campe\u00e3o da <a href=\"https:\/\/twitter.com\/hashtag\/CopaMX?src=hash\">#CopaMX<\/a> !!! O clube e essa torcida merecem muito!! Grande partida do <a href=\"https:\/\/twitter.com\/TiagoVolpi\">@TiagoVolpi<\/a> <a href=\"https:\/\/t.co\/pPsViyMSah\">https:\/\/t.co\/pPsViyMSah<\/a><\/p>\n<p>\u2014 Ronaldinho Ga\u00facho (@10Ronaldinho) <a href=\"https:\/\/twitter.com\/10Ronaldinho\/status\/794238537679994885\">3 de noviembre de 2016<\/a><\/p><\/blockquote>\n<p><script async src=\"\/\/platform.twitter.com\/widgets.js\" charset=\"utf-8\"><\/script><br \/>\nCabe apuntar que justamente bajo la gesti\u00f3n del directo t\u00e9cnico V\u00edctor Manuel Vucetich,<strong> Ronaldinho<\/strong> perdi\u00f3 protagonismo y acab\u00f3 dejando la instituci\u00f3n. De hecho en aquel momento, el timonel asegur\u00f3 que el brasile\u00f1o fue un &#8220;\u00e9xito en mercadotecnia para el club&#8221;, pero no era suficiente para que continuara en el equipo \u00a0porque &#8220;el futbol mexicano necesita gente que vaya en ascenso, no en descenso y eso es muy importante para la Liga&#8221;, indic\u00f3.<\/p>\n","protected":false},"excerpt":{"rendered":"<p>El brasile\u00f1o public\u00f3 una fotograf\u00eda presumiendo que jug\u00f3 en Gallos<\/p>\n","protected":false},"author":20,"featured_media":440438,"comment_status":"closed","ping_status":"closed","sticky":false,"template":"","format":"standard","meta":[],"categories":[4247,2198,5950],"tags":[285,5970,5997],"_links":{"self":[{"href":"http:\/\/desarrollo.grupomedios.com\/futbol\/wp-json\/wp\/v2\/posts\/440436"}],"collection":[{"href":"http:\/\/desarrollo.grupomedios.com\/futbol\/wp-json\/wp\/v2\/posts"}],"about":[{"href":"http:\/\/desarrollo.grupomedios.com\/futbol\/wp-json\/wp\/v2\/types\/post"}],"author":[{"embeddable":true,"href":"http:\/\/desarrollo.grupomedios.com\/futbol\/wp-json\/wp\/v2\/users\/20"}],"replies":[{"embeddable":true,"href":"http:\/\/desarrollo.grupomedios.com\/futbol\/wp-json\/wp\/v2\/comments?post=440436"}],"version-history":[{"count":0,"href":"http:\/\/desarrollo.grupomedios.com\/futbol\/wp-json\/wp\/v2\/posts\/440436\/revisions"}],"wp:featuredmedia":[{"embeddable":true,"href":"http:\/\/desarrollo.grupomedios.com\/futbol\/wp-json\/wp\/v2\/media\/440438"}],"wp:attachment":[{"href":"http:\/\/desarrollo.grupomedios.com\/futbol\/wp-json\/wp\/v2\/media?parent=440436"}],"wp:term":[{"taxonomy":"category","embeddable":true,"href":"http:\/\/desarrollo.grupomedios.com\/futbol\/wp-json\/wp\/v2\/categories?post=440436"},{"taxonomy":"post_tag","embeddable":true,"href":"http:\/\/desarrollo.grupomedios.com\/futbol\/wp-json\/wp\/v2\/tags?post=440436"}],"curies":[{"name":"wp","href":"https:\/\/api.w.org\/{rel}","templated":true}]}}