{"id":440518,"date":"2016-11-03T14:31:28","date_gmt":"2016-11-03T20:31:28","guid":{"rendered":"https:\/\/www.futboltotal.com.mx\/?p=440518"},"modified":"2016-11-03T14:31:28","modified_gmt":"2016-11-03T20:31:28","slug":"aubemayang-fue-rechazado-en-la-serie-a","status":"publish","type":"post","link":"http:\/\/desarrollo.grupomedios.com\/futbol\/futbol-internacional\/aubemayang-fue-rechazado-en-la-serie-a\/2016\/11","title":{"rendered":"Aubemayang fue rechazado en la Serie A"},"content":{"rendered":"<p>El presidente del N\u00e1poles, Aurelio De Laurentiis, revel\u00f3 este jueves que este verano propuso el fichaje del delantero gabon\u00e9s Pierre Emerick<strong> Aubameyang<\/strong> al t\u00e9cnico Maurizio Sarri y que \u00e9ste lo rechaz\u00f3 por no adaptarse a sus ideas t\u00e1cticas.<\/p>\n<p>Tras la venta del argentino Gonzalo Higua\u00edn al Juventus, el presidente del N\u00e1poles inform\u00f3 de que propuso hasta quince posibles sustitutos a su entrenador, entre los cuales estaba el delantero del Borussia Dortmund (25 goles en la \u00faltima Bundesliga).<\/p>\n<p style=\"text-align: center;\"><a href=\"https:\/\/www.futboltotal.com.mx\/futbol-internacional\/\"><span style=\"color: #3366ff;\"><strong>LEER M\u00c1S: Todas las noticias de futbol internacional\u00a0<\/strong><\/span><\/a><\/p>\n<p>&#8220;Siempre estamos atentos en el mercado de fichajes, pero tambi\u00e9n depende de Sarri. Este verano le propuse Aubameyang. \u00c9l me dijo que es un grand\u00edsimo delantero, pero que no se adapta a nuestras caracter\u00edsticas&#8221;, dijo De Laurentiis en una entrevista con la radio oficial del club.<\/p>\n<p>El presidente napolitano afirm\u00f3 adem\u00e1s que se fij\u00f3 en &#8220;unos quince delanteros&#8221; para sustituir a Higua\u00edn, aunque reconoci\u00f3 que el juego del N\u00e1poles es &#8220;particular&#8221;.<\/p>\n<blockquote><p>&#8220;Le habl\u00e9 de unos quince delanteros. En todo caso tiene raz\u00f3n nuestro entrenador, tenemos un juego particular y no todos los goleadores ir\u00edan bien para nuestro equipo&#8221;, dijo.<\/p><\/blockquote>\n<p><strong>Aubameyang<\/strong>, de 27 a\u00f1os, fue situado entre los objetivos de mercado de muchos grandes clubes europeos el pasado verano, entre los cuales estaba tambi\u00e9n el Real Madrid, aunque termin\u00f3 qued\u00e1ndose en el Borussia Dortmund.<\/p>\n<p>Al final, el N\u00e1poles se decant\u00f3 por el polaco Arkadiusz Milik, que empez\u00f3 la temporada con 7 goles antes de romperse el ligamento cruzado de la rodilla izquierda con su selecci\u00f3n.<\/p>\n<blockquote><p>&#8220;Espero que Milik pueda estar a disposici\u00f3n para el primer partido de la segunda vuelta, contra el Pescara a mediados de enero&#8221;, confi\u00f3.<\/p><\/blockquote>\n","protected":false},"excerpt":{"rendered":"<p>Pese a ser un goleador, no quisieron fichar al delantero gabon\u00e9s del BVB<\/p>\n","protected":false},"author":20,"featured_media":440520,"comment_status":"closed","ping_status":"closed","sticky":false,"template":"","format":"standard","meta":[],"categories":[3839,5951],"tags":[6047,160],"_links":{"self":[{"href":"http:\/\/desarrollo.grupomedios.com\/futbol\/wp-json\/wp\/v2\/posts\/440518"}],"collection":[{"href":"http:\/\/desarrollo.grupomedios.com\/futbol\/wp-json\/wp\/v2\/posts"}],"about":[{"href":"http:\/\/desarrollo.grupomedios.com\/futbol\/wp-json\/wp\/v2\/types\/post"}],"author":[{"embeddable":true,"href":"http:\/\/desarrollo.grupomedios.com\/futbol\/wp-json\/wp\/v2\/users\/20"}],"replies":[{"embeddable":true,"href":"http:\/\/desarrollo.grupomedios.com\/futbol\/wp-json\/wp\/v2\/comments?post=440518"}],"version-history":[{"count":0,"href":"http:\/\/desarrollo.grupomedios.com\/futbol\/wp-json\/wp\/v2\/posts\/440518\/revisions"}],"wp:featuredmedia":[{"embeddable":true,"href":"http:\/\/desarrollo.grupomedios.com\/futbol\/wp-json\/wp\/v2\/media\/440520"}],"wp:attachment":[{"href":"http:\/\/desarrollo.grupomedios.com\/futbol\/wp-json\/wp\/v2\/media?parent=440518"}],"wp:term":[{"taxonomy":"category","embeddable":true,"href":"http:\/\/desarrollo.grupomedios.com\/futbol\/wp-json\/wp\/v2\/categories?post=440518"},{"taxonomy":"post_tag","embeddable":true,"href":"http:\/\/desarrollo.grupomedios.com\/futbol\/wp-json\/wp\/v2\/tags?post=440518"}],"curies":[{"name":"wp","href":"https:\/\/api.w.org\/{rel}","templated":true}]}}