{"id":440546,"date":"2016-11-03T17:08:03","date_gmt":"2016-11-03T23:08:03","guid":{"rendered":"https:\/\/www.futboltotal.com.mx\/?p=440546"},"modified":"2016-11-03T17:08:03","modified_gmt":"2016-11-03T23:08:03","slug":"las-champions-sueno-objetivo-diego-godin","status":"publish","type":"post","link":"http:\/\/desarrollo.grupomedios.com\/futbol\/uncategorized\/las-champions-sueno-objetivo-diego-godin\/2016\/11","title":{"rendered":"Las Champions es un sue\u00f1o y un objetivo: Diego God\u00edn"},"content":{"rendered":"<p><span id=\"ctl14_lblMostra\">El uruguayo <strong>Diego God\u00edn<\/strong>, defensa del Atl\u00e9tico de Madrid, asegur\u00f3 este jueves que ganar la Liga de Campeones, &#8220;adem\u00e1s de un sue\u00f1o, es un objetivo&#8221; en esta temporada y remarc\u00f3 que su equipo tiene &#8220;muy buenas sensaciones&#8221; y alert\u00f3 de la transcendencia decisiva del duelo con la Real Sociedad.<\/span><\/p>\n<p>El central inaugur\u00f3 su primera pe\u00f1a atl\u00e9tica en Espa\u00f1a, con sede en la localidad madrile\u00f1a de Majadahonda, acompa\u00f1ado por Francisco Bustillo, embajador de Uruguay en Espa\u00f1a; Enrique Cerezo, presidente del club rojiblanco; Narciso de Foxa, alcalde de la ciudad, y los exjugadores Adelardo Rodr\u00edguez y Luiz Pereira.<\/p>\n<p style=\"text-align: center;\"><a href=\"https:\/\/www.futboltotal.com.mx\/2016\/11\/aubemayang-fue-rechazado-en-la-serie-a\/\"><span style=\"color: #3366ff;\">LEER M\u00c1S: Aubemayang fue rechazado en la Serie A<\/span><\/a><\/p>\n<p>&#8220;La Champions por supuesto que ser\u00eda el mejor regalo para todas las pe\u00f1as y todos los aficionados del mundo. Es lo que so\u00f1amos, es lo que queremos todos los atl\u00e9ticos y seguiremos en esa b\u00fasqueda. Es un sue\u00f1o porque hoy estamos compitiendo y lo estamos buscando. Est\u00e1 claro que es uno de los objetivos&#8221;, expres\u00f3 <strong>God\u00edn<\/strong>.<\/p>\n<p>&#8220;Adem\u00e1s de un sue\u00f1o, es un objetivo. Y es uno de los objetivos de la temporada, adem\u00e1s de la Liga y de la Copa&#8221;, prosigui\u00f3 el zaguero, que explic\u00f3 que su equipo est\u00e1 en una &#8220;muy buena l\u00ednea de trabajo y con confianza&#8221;, al tiempo que a\u00f1adi\u00f3: &#8220;Nos sentimos fuertes, pero esto reci\u00e9n empieza. Todav\u00eda falta mucho&#8221;.<\/p>\n<p>&#8220;El equipo tiene muy buenas sensaciones, estamos en un muy buen camino. Lo competida e igualada que est\u00e1 la tabla habla de que el primer partido que perdimos de la temporada nos baj\u00f3 a la quinta posici\u00f3n. Y eso habla a las claras de lo dif\u00edcil y competida que es la Liga, pero estamos en una muy buena l\u00ednea de trabajo&#8221;, a\u00f1adi\u00f3 <strong>Diego God\u00edn<\/strong>.<\/p>\n<p>&#8220;Tenemos una gran plantilla. No s\u00e9 si de la historia, porque han habido grandes plantillas y grandes jugadores en el Atl\u00e9tico de Madrid, pero hay una gran plantilla, con mucha competitividad dentro del plantel y con muchas variantes, que eso le da al entrenador muchas posibilidades a la hora de jugar y buscar resultados&#8221;, dijo el uruguayo.<\/p>\n<p><strong>God\u00edn<\/strong>, en esa igualdad en la Liga, contempla el partido del pr\u00f3ximo s\u00e1bado contra la Real Sociedad en Anoeta como un duelo &#8220;muy decisivo por lo competida que est\u00e1 la tabla&#8221;.<\/p>\n<p style=\"text-align: center;\"><a href=\"https:\/\/www.futboltotal.com.mx\/2016\/11\/granada-busca-recuperar-al-mejor-memo-ochoa\/\"><span style=\"color: #3366ff;\">LEER M\u00c1S: Granada busca la mejor versi\u00f3n de Memo Ochoa<\/span><\/a><\/p>\n<p>El defensa, que consider\u00f3 tanto al argentino Diego Simeone como al uruguayo \u00d3scar Washington Tab\u00e1rez, sus t\u00e9cnicos en el Atl\u00e9tico y en la selecci\u00f3n, respectivamente, entre los tres mejores entrenadores del mundo, tambi\u00e9n fue preguntado por la autocr\u00edtica que hizo Simeone sobre sus decisiones frente al Rostov.<\/p>\n<p>&#8220;Es verdad que estaba un poco mosqueado y fastidiado. No hablamos con \u00e9l ni el porqu\u00e9 ni nada despu\u00e9s del partido. Los que jugamos somos nosotros. \u00c9l hace un planteamiento, elige los jugadores que entran a jugar y luego somos nosotros los que jugamos&#8221;, repas\u00f3.<\/p>\n<p>&#8220;Tambi\u00e9n hay que recalcar que el Rostov hizo un magn\u00edfico partido. No hay que desmerecerlo. Creo que el Atl\u00e9tico de Madrid insisti\u00f3 y busc\u00f3 por todos los medios. El rival jug\u00f3, lo hizo de buena manera y por eso se hizo un partido tan duro&#8221;, continu\u00f3.<\/p>\n<p><strong>Diego God\u00edn<\/strong>, al mismo tiempo, expres\u00f3 que la inauguraci\u00f3n de una pe\u00f1a con su nombre reafirma, &#8220;por supuesto&#8221;, su pertenencia al Atl\u00e9tico. &#8220;Es algo muy bonito, un orgullo enorme para m\u00ed y refuerza mucho m\u00e1s el cari\u00f1o, el compromiso y todo lo que yo siento por este club&#8221;, apunt\u00f3 el central, ya con su primera pe\u00f1a inaugurada en Espa\u00f1a.<\/p>\n","protected":false},"excerpt":{"rendered":"<p>Ha jugado 13 de 14 juegos disputados por el Atleti en la temporada.<\/p>\n","protected":false},"author":144,"featured_media":440557,"comment_status":"closed","ping_status":"closed","sticky":false,"template":"","format":"standard","meta":[],"categories":[3841,3839,3844,1],"tags":[6007,36,6993,76],"_links":{"self":[{"href":"http:\/\/desarrollo.grupomedios.com\/futbol\/wp-json\/wp\/v2\/posts\/440546"}],"collection":[{"href":"http:\/\/desarrollo.grupomedios.com\/futbol\/wp-json\/wp\/v2\/posts"}],"about":[{"href":"http:\/\/desarrollo.grupomedios.com\/futbol\/wp-json\/wp\/v2\/types\/post"}],"author":[{"embeddable":true,"href":"http:\/\/desarrollo.grupomedios.com\/futbol\/wp-json\/wp\/v2\/users\/144"}],"replies":[{"embeddable":true,"href":"http:\/\/desarrollo.grupomedios.com\/futbol\/wp-json\/wp\/v2\/comments?post=440546"}],"version-history":[{"count":0,"href":"http:\/\/desarrollo.grupomedios.com\/futbol\/wp-json\/wp\/v2\/posts\/440546\/revisions"}],"wp:featuredmedia":[{"embeddable":true,"href":"http:\/\/desarrollo.grupomedios.com\/futbol\/wp-json\/wp\/v2\/media\/440557"}],"wp:attachment":[{"href":"http:\/\/desarrollo.grupomedios.com\/futbol\/wp-json\/wp\/v2\/media?parent=440546"}],"wp:term":[{"taxonomy":"category","embeddable":true,"href":"http:\/\/desarrollo.grupomedios.com\/futbol\/wp-json\/wp\/v2\/categories?post=440546"},{"taxonomy":"post_tag","embeddable":true,"href":"http:\/\/desarrollo.grupomedios.com\/futbol\/wp-json\/wp\/v2\/tags?post=440546"}],"curies":[{"name":"wp","href":"https:\/\/api.w.org\/{rel}","templated":true}]}}