{"id":440547,"date":"2016-11-03T16:53:20","date_gmt":"2016-11-03T22:53:20","guid":{"rendered":"https:\/\/www.futboltotal.com.mx\/?p=440547"},"modified":"2016-11-03T16:54:07","modified_gmt":"2016-11-03T22:54:07","slug":"atletico-madrid-interesado-en-jaguares","status":"publish","type":"post","link":"http:\/\/desarrollo.grupomedios.com\/futbol\/futbol-mexicano\/atletico-madrid-interesado-en-jaguares\/2016\/11","title":{"rendered":"\u00bfAtl\u00e9tico de Madrid interesado en Jaguares?"},"content":{"rendered":"<p>Los reflectores que la Liga MX ha generado en los \u00faltimos a\u00f1os, con equipos como Quer\u00e9taro o Tigres, hicieron que se incrementara el inter\u00e9s de equipos europeos en el balompi\u00e9 azteca, por ello un equipo protagonista de Espa\u00f1a, el <strong>Atl\u00e9tico de Madrid<\/strong>, ya estar\u00eda cerca de sellar un acuerdo con empresarios mexicanos para comprar la franquicia de <a href=\"http:\/\/www.futboltotal.com.mx\/equipos\/chiapas\/\" target=\"_blank\">Jaguares de Chiapas<\/a>.<\/p>\n<p>De acuerdo al portal de <em>Medio Tiempo<\/em>, directivos del Atl\u00e9tico de Madrid quieren colaborar para que San Luis vuelva a tener una plaza en la Liga MX, por ello estar\u00edan cerca de firmar un trato en el que incluyen a<strong> Jaguares de Chiapas<\/strong>, franquicia que comprar\u00edan para concretar la misi\u00f3n de regresar el futbol a tierras potosinas.<\/p>\n<p style=\"text-align: center;\"><span style=\"color: #3366ff;\"><a style=\"color: #3366ff;\" href=\"https:\/\/www.futboltotal.com.mx\/2016\/11\/lista-la-convocatoria-mexico-iniciar-hexagonal\/\" target=\"_blank\"><strong>LEER M\u00c1S: La convocatoria de Osorio, para el arranque del Hexagonal<\/strong><\/a><\/span><\/p>\n<p><a href=\"https:\/\/www.futboltotal.com.mx\/wp-content\/uploads\/2016\/11\/nota-medio-tiempo-atletico-de-madrid.jpg\"><img decoding=\"async\" loading=\"lazy\" class=\"size-full wp-image-440549 aligncenter\" src=\"https:\/\/www.futboltotal.com.mx\/wp-content\/uploads\/2016\/11\/nota-medio-tiempo-atletico-de-madrid.jpg\" alt=\"nota-medio-tiempo-atletico-de-madrid\" srcset=\"http:\/\/desarrollo.grupomedios.com\/futbol\/wp-content\/uploads\/2016\/11\/nota-medio-tiempo-atletico-de-madrid.jpg 858w, http:\/\/desarrollo.grupomedios.com\/futbol\/wp-content\/uploads\/2016\/11\/nota-medio-tiempo-atletico-de-madrid-300x151.jpg 300w, http:\/\/desarrollo.grupomedios.com\/futbol\/wp-content\/uploads\/2016\/11\/nota-medio-tiempo-atletico-de-madrid-768x386.jpg 768w, http:\/\/desarrollo.grupomedios.com\/futbol\/wp-content\/uploads\/2016\/11\/nota-medio-tiempo-atletico-de-madrid-340x171.jpg 340w\" sizes=\"(max-width: 858px) 100vw, 858px\" \/><\/a><\/p>\n<p>Pero el nuevo club de San Luis acaparar\u00eda las miradas de todos, con un plantel competitivo y hasta medi\u00e1tico, que ser\u00eda liderado con la presencia de Fernando <em>el Ni\u00f1o<\/em> Torres, como delantero estelar del equipo.<\/p>\n<p>Hasta ahora, ni la familia Chargoy, due\u00f1a de <strong>Chiapas<\/strong>, ni directivos de <strong>Atl\u00e9tico de Madrid<\/strong>, se han pronunciado al respecto, pero la posibilidad de la adquisici\u00f3n de la franquicia, ya caus\u00f3 revuelo a nivel internacional.<\/p>\n<p><strong>S\u00edguenos en Twitter<\/strong>: <a href=\"https:\/\/twitter.com\/MXFutbolTotal\" target=\"_blank\">@MXFutbolTotal<\/a><\/p>\n","protected":false},"excerpt":{"rendered":"<p>Los Colchoneros se asociar\u00edan con club mexicano para comprar franquicia<\/p>\n","protected":false},"author":20,"featured_media":440550,"comment_status":"closed","ping_status":"closed","sticky":false,"template":"","format":"standard","meta":[],"categories":[2198,3845,5950],"tags":[6007,5964],"_links":{"self":[{"href":"http:\/\/desarrollo.grupomedios.com\/futbol\/wp-json\/wp\/v2\/posts\/440547"}],"collection":[{"href":"http:\/\/desarrollo.grupomedios.com\/futbol\/wp-json\/wp\/v2\/posts"}],"about":[{"href":"http:\/\/desarrollo.grupomedios.com\/futbol\/wp-json\/wp\/v2\/types\/post"}],"author":[{"embeddable":true,"href":"http:\/\/desarrollo.grupomedios.com\/futbol\/wp-json\/wp\/v2\/users\/20"}],"replies":[{"embeddable":true,"href":"http:\/\/desarrollo.grupomedios.com\/futbol\/wp-json\/wp\/v2\/comments?post=440547"}],"version-history":[{"count":0,"href":"http:\/\/desarrollo.grupomedios.com\/futbol\/wp-json\/wp\/v2\/posts\/440547\/revisions"}],"wp:featuredmedia":[{"embeddable":true,"href":"http:\/\/desarrollo.grupomedios.com\/futbol\/wp-json\/wp\/v2\/media\/440550"}],"wp:attachment":[{"href":"http:\/\/desarrollo.grupomedios.com\/futbol\/wp-json\/wp\/v2\/media?parent=440547"}],"wp:term":[{"taxonomy":"category","embeddable":true,"href":"http:\/\/desarrollo.grupomedios.com\/futbol\/wp-json\/wp\/v2\/categories?post=440547"},{"taxonomy":"post_tag","embeddable":true,"href":"http:\/\/desarrollo.grupomedios.com\/futbol\/wp-json\/wp\/v2\/tags?post=440547"}],"curies":[{"name":"wp","href":"https:\/\/api.w.org\/{rel}","templated":true}]}}