{"id":440566,"date":"2016-11-03T17:44:43","date_gmt":"2016-11-03T23:44:43","guid":{"rendered":"https:\/\/www.futboltotal.com.mx\/?p=440566"},"modified":"2016-11-03T17:44:43","modified_gmt":"2016-11-03T23:44:43","slug":"aritz-aduriz-anota-cinco-goles-en-la-europa-league","status":"publish","type":"post","link":"http:\/\/desarrollo.grupomedios.com\/futbol\/futbol-internacional\/aritz-aduriz-anota-cinco-goles-en-la-europa-league\/2016\/11","title":{"rendered":"\u00a1Aritz Aduriz hace historia en la Europa League!"},"content":{"rendered":"<p><strong>Aritz Aduriz<\/strong> se erigi\u00f3 como m\u00e1ximo protagonista de la cuarta jornada de la fase de grupos de la Liga Europa, en la que el delantero del Athletic marc\u00f3 cinco goles y el Manchester United de Jos\u00e9 Mourinho, y el Villarreal de Fran Escrib\u00e1, sufrieron dos derrotas sorpresa ante el Fenerbahce turco (2-1) y el Osmanlispor (1-2) que entorpecen la clasificaci\u00f3n de ambos.<\/p>\n<blockquote class=\"twitter-tweet\" data-width=\"500\">\n<p lang=\"es\" dir=\"ltr\">Aritz Aduriz primer jugador en anotar 5 goles en un partido de <a href=\"https:\/\/twitter.com\/hashtag\/UEL?src=hash\">#UEL<\/a> <a href=\"https:\/\/t.co\/OZYamQPgzn\">pic.twitter.com\/OZYamQPgzn<\/a><\/p>\n<p>&mdash; Athletic Club (@AthleticClub) <a href=\"https:\/\/twitter.com\/AthleticClub\/status\/794272185363955712\">November 3, 2016<\/a><\/p><\/blockquote>\n<p><script async src=\"\/\/platform.twitter.com\/widgets.js\" charset=\"utf-8\"><\/script><\/p>\n<p><strong>Aduriz<\/strong> consigui\u00f3 lo que nadie ha hecho hasta ahora en la historia de la Liga Europa. Su rep\u00f3ker, in\u00e9dito en el torneo hasta hoy, agrand\u00f3 su figura y, ya de paso, dio vida al conjunto vasco tras ganar 5-3 al Genk en un partido de ida y vuelta.<\/p>\n<p>El internacional espa\u00f1ol marc\u00f3 tres de sus dianas de penalti y aplac\u00f3 el buen partido del Genk, donde otro espa\u00f1ol, Alejandro Pozuelo, brill\u00f3 en el d\u00eda en el que Athletic cogi\u00f3 impulso despu\u00e9s de un inicio err\u00e1tico.<\/p>\n<p style=\"text-align: center;\"><span style=\"color: #3366ff;\"><a style=\"color: #3366ff;\" href=\"https:\/\/www.futboltotal.com.mx\/2016\/11\/lista-la-convocatoria-mexico-iniciar-hexagonal\/\">LEER M\u00c1S: Lista la convocatoria de M\u00e9xico para iniciar el Hexagonal<\/a><\/span><\/p>\n<p>Ya es segundo de su grupo, el F, empatado a puntos con los belgas. Uno por debajo est\u00e1n Sassuolo y Rapid Viena, que firmaron un 2-2 en Italia que conden\u00f3 a ambos a vivir a la sombra de sus rivales.<\/p>\n<p>Aparte de la exhibici\u00f3n de <strong>Aduriz,<\/strong> la noche acab\u00f3 con la clasificaci\u00f3n para dieciseisavos del Ajax holand\u00e9s, del Shakhtar ucraniano, del Schalke 04 alem\u00e1n y del Z\u00e9nit San Petersburgo ruso.<br \/>\n<iframe loading=\"lazy\" src=\"https:\/\/www.youtube.com\/embed\/6RkrTpeF7eA\" frameborder=\"0\" allowfullscreen=\"allowfullscreen\"><\/iframe><\/p>\n","protected":false},"excerpt":{"rendered":"<p>Aduriz marc\u00f3 cinco goles en el juego ante el Genk<\/p>\n","protected":false},"author":144,"featured_media":440567,"comment_status":"closed","ping_status":"closed","sticky":false,"template":"","format":"standard","meta":[],"categories":[3839,5951],"tags":[7551,516],"_links":{"self":[{"href":"http:\/\/desarrollo.grupomedios.com\/futbol\/wp-json\/wp\/v2\/posts\/440566"}],"collection":[{"href":"http:\/\/desarrollo.grupomedios.com\/futbol\/wp-json\/wp\/v2\/posts"}],"about":[{"href":"http:\/\/desarrollo.grupomedios.com\/futbol\/wp-json\/wp\/v2\/types\/post"}],"author":[{"embeddable":true,"href":"http:\/\/desarrollo.grupomedios.com\/futbol\/wp-json\/wp\/v2\/users\/144"}],"replies":[{"embeddable":true,"href":"http:\/\/desarrollo.grupomedios.com\/futbol\/wp-json\/wp\/v2\/comments?post=440566"}],"version-history":[{"count":0,"href":"http:\/\/desarrollo.grupomedios.com\/futbol\/wp-json\/wp\/v2\/posts\/440566\/revisions"}],"wp:featuredmedia":[{"embeddable":true,"href":"http:\/\/desarrollo.grupomedios.com\/futbol\/wp-json\/wp\/v2\/media\/440567"}],"wp:attachment":[{"href":"http:\/\/desarrollo.grupomedios.com\/futbol\/wp-json\/wp\/v2\/media?parent=440566"}],"wp:term":[{"taxonomy":"category","embeddable":true,"href":"http:\/\/desarrollo.grupomedios.com\/futbol\/wp-json\/wp\/v2\/categories?post=440566"},{"taxonomy":"post_tag","embeddable":true,"href":"http:\/\/desarrollo.grupomedios.com\/futbol\/wp-json\/wp\/v2\/tags?post=440566"}],"curies":[{"name":"wp","href":"https:\/\/api.w.org\/{rel}","templated":true}]}}