{"id":440622,"date":"2016-11-04T09:21:25","date_gmt":"2016-11-04T15:21:25","guid":{"rendered":"https:\/\/www.futboltotal.com.mx\/?p=440622"},"modified":"2016-11-04T09:25:41","modified_gmt":"2016-11-04T15:25:41","slug":"guardiola-rechaza-pelea-messi-arteta","status":"publish","type":"post","link":"http:\/\/desarrollo.grupomedios.com\/futbol\/futbol-internacional\/guardiola-rechaza-pelea-messi-arteta\/2016\/11","title":{"rendered":"Guardiola rechaza pelea entre Messi y Arteta"},"content":{"rendered":"<p>El t\u00e9cnico del Manchester City, Pep Guardiola, asegur\u00f3 este viernes que es &#8220;imposible&#8221; que pudiera haber un incidente entre su ayudante en el conjunto ingl\u00e9s, Mikel Arteta, y el argentino Lionel Messi despu\u00e9s del partido de Liga de Campeones ante el Barcelona (3-1).<\/p>\n<p>&#8220;Habl\u00e9 con Mikel Arteta, lo conozco bien y es imposible que pudiera haber un incidente con Messi. Admira demasiado a los jugadores del Bar\u00e7a&#8221;, dijo Guardiola en la City Football Academy (CFA), la ciudad deportiva del City, en la rueda de prensa previa al duelo de ma\u00f1ana con el Middlesbrough (15:00 GMT).<\/p>\n<p>https:\/\/twitter.com\/ManCityES\/status\/794553039680143360<\/p>\n<p>El preparador catal\u00e1n quiso zanjar la pol\u00e9mica surgida en los medios brit\u00e1nicos despu\u00e9s del duelo de Champions frente al Barcelona, que aseguraban que en el t\u00fanel de vestuarios hubo un enfrentamiento entre jugadores y cuerpo t\u00e9cnico del City con futbolistas del conjunto azulgrana.<\/p>\n<p>&#8220;Admira demasiado a Messi, a los jugadores del Bar\u00e7a y a la instituci\u00f3n. Es de las mejores personas que he conocido en mi vida y es imposible que pudiera haber un conflicto con otra maravillosa persona como es Messi. Totalmente imposible&#8221;, se\u00f1al\u00f3.<\/p>\n<p style=\"text-align: center;\"><span style=\"color: #3366ff;\"><a style=\"color: #3366ff;\" href=\"https:\/\/www.futboltotal.com.mx\/2016\/11\/abraham-gonzalez-nuevo-talisman-pumas\/\">LEER M\u00c1S: Abraham Gonz\u00e1lez, el nuevo talism\u00e1n de Pumas<\/a><\/span><\/p>\n<p>&#8220;\u00bfAntes el culpable era Fernandinho y ahora es Arteta? \u00bfQui\u00e9n va a ser ma\u00f1ana? A ver si finalmente lo encontr\u00e1is un d\u00eda de estos&#8221;, espet\u00f3 Pep a los periodistas.<\/p>\n<p>Preguntado sobre Aitor Karanka, entrenador del Middlesbrough, su rival en la und\u00e9cima jornada de la Premier League, Guardiola asegur\u00f3 que tiene &#8220;mucho respeto por su trabajo&#8221; en Inglaterra.<\/p>\n<p>&#8220;Cuando \u00e9ramos futbolistas nos enfrentamos varias veces. Despu\u00e9s fue entrenador asistente en el Real Madrid. No nos hemos visto ni hemos quedado muy a menudo, pero tengo mucho respeto hac\u00eda su trabajo aqu\u00ed&#8221;, subray\u00f3. EFE<\/p>\n","protected":false},"excerpt":{"rendered":"<p>Guardiola rechaz\u00f3 que alguno de sus jugadores se haya encarado con Messi<\/p>\n","protected":false},"author":144,"featured_media":437455,"comment_status":"closed","ping_status":"closed","sticky":false,"template":"","format":"standard","meta":[],"categories":[3839,5951],"tags":[2510,248],"_links":{"self":[{"href":"http:\/\/desarrollo.grupomedios.com\/futbol\/wp-json\/wp\/v2\/posts\/440622"}],"collection":[{"href":"http:\/\/desarrollo.grupomedios.com\/futbol\/wp-json\/wp\/v2\/posts"}],"about":[{"href":"http:\/\/desarrollo.grupomedios.com\/futbol\/wp-json\/wp\/v2\/types\/post"}],"author":[{"embeddable":true,"href":"http:\/\/desarrollo.grupomedios.com\/futbol\/wp-json\/wp\/v2\/users\/144"}],"replies":[{"embeddable":true,"href":"http:\/\/desarrollo.grupomedios.com\/futbol\/wp-json\/wp\/v2\/comments?post=440622"}],"version-history":[{"count":0,"href":"http:\/\/desarrollo.grupomedios.com\/futbol\/wp-json\/wp\/v2\/posts\/440622\/revisions"}],"wp:featuredmedia":[{"embeddable":true,"href":"http:\/\/desarrollo.grupomedios.com\/futbol\/wp-json\/wp\/v2\/media\/437455"}],"wp:attachment":[{"href":"http:\/\/desarrollo.grupomedios.com\/futbol\/wp-json\/wp\/v2\/media?parent=440622"}],"wp:term":[{"taxonomy":"category","embeddable":true,"href":"http:\/\/desarrollo.grupomedios.com\/futbol\/wp-json\/wp\/v2\/categories?post=440622"},{"taxonomy":"post_tag","embeddable":true,"href":"http:\/\/desarrollo.grupomedios.com\/futbol\/wp-json\/wp\/v2\/tags?post=440622"}],"curies":[{"name":"wp","href":"https:\/\/api.w.org\/{rel}","templated":true}]}}