{"id":440642,"date":"2016-11-04T12:35:19","date_gmt":"2016-11-04T18:35:19","guid":{"rendered":"https:\/\/www.futboltotal.com.mx\/?p=440642"},"modified":"2016-11-04T12:39:14","modified_gmt":"2016-11-04T18:39:14","slug":"estadio-tampico-madero-ascenso-mx-inundada-lluvia","status":"publish","type":"post","link":"http:\/\/desarrollo.grupomedios.com\/futbol\/futbol-mexicano\/estadio-tampico-madero-ascenso-mx-inundada-lluvia\/2016\/11","title":{"rendered":"\u00a1Estadio del Ascenso MX se transforma en alberca!"},"content":{"rendered":"<p>El partido del <strong>Ascenso MX<\/strong> del pr\u00f3ximo s\u00e1bado 5 de noviembre entre el Tampico Madero y los Leones Negros, ha sido suspendido luego de las intensas lluvias que cayeron en el estadio Tamaulipas y este qued\u00f3 inundado.<\/p>\n<blockquote class=\"twitter-tweet\" data-width=\"500\">\n<p lang=\"es\" dir=\"ltr\">El Partido Entre <a href=\"https:\/\/twitter.com\/TMFCOficial\">@TMFCOficial<\/a> y <a href=\"https:\/\/twitter.com\/LeonesNegrosCF\">@LeonesNegrosCF<\/a> Ser\u00e1 Reprogramado. <a href=\"https:\/\/t.co\/ALSIXRCpBX\">https:\/\/t.co\/ALSIXRCpBX<\/a> <a href=\"https:\/\/t.co\/NJEDkztC1D\">pic.twitter.com\/NJEDkztC1D<\/a><\/p>\n<p>&mdash; ASCENSO Bancomer MX (@AscensoMX) <a href=\"https:\/\/twitter.com\/AscensoMX\/status\/794305294494904320\">November 3, 2016<\/a><\/p><\/blockquote>\n<p><script async src=\"\/\/platform.twitter.com\/widgets.js\" charset=\"utf-8\"><\/script><\/p>\n<p>Esto fue provocado por las intensas lluvias que han caido en el estado de Tamaulipas y en todo territorio mexicano, por lo que el <strong>Ascenso MX<\/strong> decidi\u00f3 posponer el partido de la Jaiva Brava para el pr\u00f3ximo martes.<\/p>\n<p style=\"text-align: center;\"><span style=\"color: #3366ff;\">LEER M\u00c1S:\u00a0<a style=\"color: #3366ff;\" href=\"https:\/\/www.futboltotal.com.mx\/2016\/11\/fifa-anuncia-candidatos-al-mejor-jugador-del-2016\/\">FIFA anuncia candidatos al mejor jugador del 2016<\/a><\/span><\/p>\n<p>El Tampico Madero tambi\u00e9n comparti\u00f3 im\u00e1genes a trav\u00e9s de su cuenta de Twitter en donde se aprecia la gran cantidad de agua que invadi\u00f3 el terreno de juego.<\/p>\n<blockquote class=\"twitter-tweet\" data-width=\"500\">\n<p lang=\"es\" dir=\"ltr\">Im\u00e1genes a nivel de cancha del Estadio Tamaulipas. El terreno de juego se muestra totalmente anegado, imposible de ser utilizado. <a href=\"https:\/\/t.co\/FxiKt0XeIy\">pic.twitter.com\/FxiKt0XeIy<\/a><\/p>\n<p>&mdash; TM F\u00fatbol Club (@TMFCOficial) <a href=\"https:\/\/twitter.com\/TMFCOficial\/status\/794357756908204033\">November 4, 2016<\/a><\/p><\/blockquote>\n<p><script async src=\"\/\/platform.twitter.com\/widgets.js\" charset=\"utf-8\"><\/script><\/p>\n<p>Luego de que se cancelara el partido ante Leones Negros, el club del <strong>Ascenso MX<\/strong> escribi\u00f3 que los encargados del mantenimiento del Estadio Tamaulipas pudieron retirar toda el agua del terreno de juego.<\/p>\n<p>https:\/\/twitter.com\/TMFCOficial\/status\/794541242507853825<\/p>\n","protected":false},"excerpt":{"rendered":"<p>El partido ante Leones Negros tuvo que ser suspendido<\/p>\n","protected":false},"author":20,"featured_media":440643,"comment_status":"closed","ping_status":"closed","sticky":false,"template":"","format":"standard","meta":[],"categories":[3843,2198,5950],"tags":[432,7076],"_links":{"self":[{"href":"http:\/\/desarrollo.grupomedios.com\/futbol\/wp-json\/wp\/v2\/posts\/440642"}],"collection":[{"href":"http:\/\/desarrollo.grupomedios.com\/futbol\/wp-json\/wp\/v2\/posts"}],"about":[{"href":"http:\/\/desarrollo.grupomedios.com\/futbol\/wp-json\/wp\/v2\/types\/post"}],"author":[{"embeddable":true,"href":"http:\/\/desarrollo.grupomedios.com\/futbol\/wp-json\/wp\/v2\/users\/20"}],"replies":[{"embeddable":true,"href":"http:\/\/desarrollo.grupomedios.com\/futbol\/wp-json\/wp\/v2\/comments?post=440642"}],"version-history":[{"count":0,"href":"http:\/\/desarrollo.grupomedios.com\/futbol\/wp-json\/wp\/v2\/posts\/440642\/revisions"}],"wp:featuredmedia":[{"embeddable":true,"href":"http:\/\/desarrollo.grupomedios.com\/futbol\/wp-json\/wp\/v2\/media\/440643"}],"wp:attachment":[{"href":"http:\/\/desarrollo.grupomedios.com\/futbol\/wp-json\/wp\/v2\/media?parent=440642"}],"wp:term":[{"taxonomy":"category","embeddable":true,"href":"http:\/\/desarrollo.grupomedios.com\/futbol\/wp-json\/wp\/v2\/categories?post=440642"},{"taxonomy":"post_tag","embeddable":true,"href":"http:\/\/desarrollo.grupomedios.com\/futbol\/wp-json\/wp\/v2\/tags?post=440642"}],"curies":[{"name":"wp","href":"https:\/\/api.w.org\/{rel}","templated":true}]}}