{"id":440645,"date":"2016-10-31T12:52:35","date_gmt":"2016-10-31T18:52:35","guid":{"rendered":"https:\/\/www.futboltotal.com.mx\/?p=440645"},"modified":"2016-11-04T12:52:59","modified_gmt":"2016-11-04T18:52:59","slug":"gana-kit-adidas-champions-league-arena-edition","status":"publish","type":"post","link":"http:\/\/desarrollo.grupomedios.com\/futbol\/promociones\/gana-kit-adidas-champions-league-arena-edition\/2016\/10","title":{"rendered":"Gana un Kit adidas Champions League Arena Edition"},"content":{"rendered":"<p>Con toda la emoci\u00f3n del torneo de clubes m\u00e1s importante del mundo, lleg\u00f3 la Tercera Edici\u00f3n de productos oficiales <strong>adidas<\/strong> <strong>UEFA Champions League Arena Edition<\/strong>, colecci\u00f3n\u00a0inspirada en la acci\u00f3n y adrenalina que se vive en el lugar donde todo sucede: la cancha de futbol.<\/p>\n<p>Por ello, en conjunto con adidas tenemos 5 kits de regalo para las primeras personas que respondan la siguiente pregunta:<\/p>\n<p>\u00bfCu\u00e1ntos equipos de la actual edici\u00f3n de la\u00a0Champions visten uniformes adidas?<\/p>\n<p>\u2013 Manda la respuesta al mail futboltotal@futboltotal.com.mx con asunto \u201c<strong>KIT ADIDAS CHAMPIONS LEAGUE<\/strong>\u201d. El mensaje deber\u00e1 estar acompa\u00f1ado del\u00a0nombre completo del participante.<\/p>\n<p>\u2013\u00a0Los primeros 5 pron\u00f3sticos acertados ser\u00e1n los ganadores de<strong>\u00a01 kit\u00a0cada uno<\/strong>.<\/p>\n<p>El\u00a0<strong>equipo FT<\/strong>\u00a0se comunicar\u00e1 con los ganadores, quienes deber\u00e1n recoger su premio\u00a0en las oficinas de Futbol Total, ubicadas en la Ciudad de M\u00e9xico. La entrega del premio ser\u00e1 del lunes\u00a07 al viernes 11 de noviembre,\u00a0en horario de 10:00 a 15:00 horas. Indispensable presentar original y copia de identificaci\u00f3n oficial.<\/p>\n<p>\u00a1Mucha suerte\u00a0<em>cracks<\/em>!<\/p>\n<p>&nbsp;<\/p>\n<p>&nbsp;<\/p>\n","protected":false},"excerpt":{"rendered":"<p>Ll\u00e9vate una gorra, desodorante y spray cortes\u00eda de la marca de las tres franjas.<\/p>\n","protected":false},"author":20,"featured_media":440646,"comment_status":"closed","ping_status":"closed","sticky":false,"template":"","format":"standard","meta":[],"categories":[60],"tags":[1560],"_links":{"self":[{"href":"http:\/\/desarrollo.grupomedios.com\/futbol\/wp-json\/wp\/v2\/posts\/440645"}],"collection":[{"href":"http:\/\/desarrollo.grupomedios.com\/futbol\/wp-json\/wp\/v2\/posts"}],"about":[{"href":"http:\/\/desarrollo.grupomedios.com\/futbol\/wp-json\/wp\/v2\/types\/post"}],"author":[{"embeddable":true,"href":"http:\/\/desarrollo.grupomedios.com\/futbol\/wp-json\/wp\/v2\/users\/20"}],"replies":[{"embeddable":true,"href":"http:\/\/desarrollo.grupomedios.com\/futbol\/wp-json\/wp\/v2\/comments?post=440645"}],"version-history":[{"count":0,"href":"http:\/\/desarrollo.grupomedios.com\/futbol\/wp-json\/wp\/v2\/posts\/440645\/revisions"}],"wp:featuredmedia":[{"embeddable":true,"href":"http:\/\/desarrollo.grupomedios.com\/futbol\/wp-json\/wp\/v2\/media\/440646"}],"wp:attachment":[{"href":"http:\/\/desarrollo.grupomedios.com\/futbol\/wp-json\/wp\/v2\/media?parent=440645"}],"wp:term":[{"taxonomy":"category","embeddable":true,"href":"http:\/\/desarrollo.grupomedios.com\/futbol\/wp-json\/wp\/v2\/categories?post=440645"},{"taxonomy":"post_tag","embeddable":true,"href":"http:\/\/desarrollo.grupomedios.com\/futbol\/wp-json\/wp\/v2\/tags?post=440645"}],"curies":[{"name":"wp","href":"https:\/\/api.w.org\/{rel}","templated":true}]}}