{"id":440648,"date":"2016-11-04T13:03:18","date_gmt":"2016-11-04T19:03:18","guid":{"rendered":"https:\/\/www.futboltotal.com.mx\/?p=440648"},"modified":"2016-11-04T13:03:18","modified_gmt":"2016-11-04T19:03:18","slug":"james-rodriguez-niega-mala-relacion-zidane","status":"publish","type":"post","link":"http:\/\/desarrollo.grupomedios.com\/futbol\/futbol-internacional\/james-rodriguez-niega-mala-relacion-zidane\/2016\/11","title":{"rendered":"James Rodr\u00edguez niega mala relaci\u00f3n con Zidane"},"content":{"rendered":"<p><strong>James Rodr\u00edguez<\/strong> afirm\u00f3 hoy que quiere &#8220;jugar m\u00e1s&#8221; pero que respeta la \u00faltima palabra del entrenador del Real Madrid, Zinedine Zidane, con quien dijo tener una relaci\u00f3n &#8220;que est\u00e1 bien&#8221;.<\/p>\n<p>&#8220;No es como todos dicen, que es mala, que est\u00e1 rota, no. Est\u00e1 bien, es una relaci\u00f3n que es apta entre un jugador y un entrenador&#8221;, declar\u00f3 en una entrevista en Madrid divulgada este viernes por RCN Televisi\u00f3n.<\/p>\n<p>&#8220;Quiero jugar m\u00e1s pero, bueno, aqu\u00ed hay alguien que manda siempre y \u00e9l es el que dice qui\u00e9n juega y qui\u00e9n no. Entonces hay que respetar todo eso&#8221;, dijo el &#8220;10&#8221; del conjunto merengue.<\/p>\n<p>https:\/\/twitter.com\/realmadrid\/status\/794189910030827520<\/p>\n<p>Sobre la lesi\u00f3n que lo apart\u00f3 de la convocatoria el pasado mi\u00e9rcoles para el partido de Liga de Campeones frente al Legia, afirm\u00f3 que est\u00e1 &#8220;bien y entrenando&#8221;.<\/p>\n<p>&#8220;Estoy bien. No es lo que por ah\u00ed hablan de que estaba mal, que ten\u00eda algo, solo ha sido algo suave, pero bueno, para que est\u00e9n tranquilos estoy bien y estoy entrenando para estar bien&#8221;, dijo.<\/p>\n<p>Al ser preguntado sobre ese encuentro en el que su equipo empat\u00f3 a tres goles con el Legia, el capit\u00e1n de la selecci\u00f3n colombiana dijo que quer\u00eda estar pero habl\u00f3 con el cuerpo t\u00e9cnico y decidi\u00f3 descansar.<\/p>\n<p style=\"text-align: center;\"><span style=\"color: #3366ff;\"><a style=\"color: #3366ff;\" href=\"https:\/\/www.futboltotal.com.mx\/2016\/11\/fifa-anuncia-candidatos-al-mejor-jugador-del-2016\/\">LEER M\u00c1S: FIFA anuncia candidatos al mejor jugador del 2016<\/a><\/span><\/p>\n<p>&#8220;Par\u00e9 un d\u00eda pero ya estoy apto para el fin de semana&#8221;, precis\u00f3.<\/p>\n<p>El Real Madrid jugar\u00e1 a final de a\u00f1o el Mundial de Clubes, que se disputar\u00e1 en Jap\u00f3n, donde tendr\u00e1 la posibilidad de encontrarse con el equipo colombiano Atl\u00e9tico Nacional, campe\u00f3n de la Copa Libertadores, lo que consider\u00f3 que &#8220;ser\u00eda bueno para el f\u00fatbol colombiano&#8221;.<\/p>\n<p>&#8220;Est\u00e1 pasando por un buen momento, hace cinco o seis a\u00f1os que vienen ganando todo y creo que ser\u00eda un premio para ellos jugar contra el Real Madrid, quiero ganarles, y por qu\u00e9 no, hacerles gol&#8221;, dijo entre risas. EFE<\/p>\n","protected":false},"excerpt":{"rendered":"<p>James tambi\u00e9n fue convocado para jugar las eliminatorias con su selecci\u00f3n<\/p>\n","protected":false},"author":144,"featured_media":422556,"comment_status":"closed","ping_status":"closed","sticky":false,"template":"","format":"standard","meta":[],"categories":[3839,5951],"tags":[6475,5988,2943],"_links":{"self":[{"href":"http:\/\/desarrollo.grupomedios.com\/futbol\/wp-json\/wp\/v2\/posts\/440648"}],"collection":[{"href":"http:\/\/desarrollo.grupomedios.com\/futbol\/wp-json\/wp\/v2\/posts"}],"about":[{"href":"http:\/\/desarrollo.grupomedios.com\/futbol\/wp-json\/wp\/v2\/types\/post"}],"author":[{"embeddable":true,"href":"http:\/\/desarrollo.grupomedios.com\/futbol\/wp-json\/wp\/v2\/users\/144"}],"replies":[{"embeddable":true,"href":"http:\/\/desarrollo.grupomedios.com\/futbol\/wp-json\/wp\/v2\/comments?post=440648"}],"version-history":[{"count":0,"href":"http:\/\/desarrollo.grupomedios.com\/futbol\/wp-json\/wp\/v2\/posts\/440648\/revisions"}],"wp:featuredmedia":[{"embeddable":true,"href":"http:\/\/desarrollo.grupomedios.com\/futbol\/wp-json\/wp\/v2\/media\/422556"}],"wp:attachment":[{"href":"http:\/\/desarrollo.grupomedios.com\/futbol\/wp-json\/wp\/v2\/media?parent=440648"}],"wp:term":[{"taxonomy":"category","embeddable":true,"href":"http:\/\/desarrollo.grupomedios.com\/futbol\/wp-json\/wp\/v2\/categories?post=440648"},{"taxonomy":"post_tag","embeddable":true,"href":"http:\/\/desarrollo.grupomedios.com\/futbol\/wp-json\/wp\/v2\/tags?post=440648"}],"curies":[{"name":"wp","href":"https:\/\/api.w.org\/{rel}","templated":true}]}}