{"id":440659,"date":"2016-11-04T14:10:37","date_gmt":"2016-11-04T20:10:37","guid":{"rendered":"https:\/\/www.futboltotal.com.mx\/?p=440659"},"modified":"2016-11-04T14:10:37","modified_gmt":"2016-11-04T20:10:37","slug":"brasil-permitira-refugiados-sean-inscritos-jugadores-nacionales","status":"publish","type":"post","link":"http:\/\/desarrollo.grupomedios.com\/futbol\/futbol-internacional\/brasil-permitira-refugiados-sean-inscritos-jugadores-nacionales\/2016\/11","title":{"rendered":"Refugiados no ocupar\u00e1n plaza de extranjero en Brasil"},"content":{"rendered":"<p>La Confederaci\u00f3n Brasile\u00f1a de F\u00fatbol (CBF) anunci\u00f3 hoy que &#8220;por motivos humanitarios&#8221; permitir\u00e1 que los clubes del pa\u00eds inscriban como nacionales a jugadores for\u00e1neos que han recibido refugio en <strong>Brasil<\/strong> sin que ocupen uno de las cinco plazas de extranjeros permitidas por equipo.<\/p>\n<p>El organismo explic\u00f3 en un comunicado que la medida entrar\u00e1 en vigor a partir del pr\u00f3ximo a\u00f1o una vez sea incluida en el Reglamento General de Competiciones de la CBF.<\/p>\n<p>La excepcionalidad fue aprobada en una reuni\u00f3n que la direcci\u00f3n de la CBF tuvo esta semana en R\u00edo de Janeiro y fue justificada como un &#8220;asunto de humanidad y de preocupaci\u00f3n con el futuro de los jugadores refugiados&#8221;.<\/p>\n<blockquote class=\"twitter-tweet\" data-width=\"500\">\n<p lang=\"pt\" dir=\"ltr\">CBF aprova inscri\u00e7\u00e3o de refugiados fora da cota de estrangeiros. Saiba mais &gt;&gt; <a href=\"https:\/\/t.co\/nzoVur1s90\">https:\/\/t.co\/nzoVur1s90<\/a> <a href=\"https:\/\/t.co\/mWEWztdQEU\">pic.twitter.com\/mWEWztdQEU<\/a><\/p>\n<p>&mdash; CBF Futebol (@CBF_Futebol) <a href=\"https:\/\/twitter.com\/CBF_Futebol\/status\/794595839259930624\">November 4, 2016<\/a><\/p><\/blockquote>\n<p><script async src=\"\/\/platform.twitter.com\/widgets.js\" charset=\"utf-8\"><\/script><\/p>\n<p>De acuerdo con la Confederaci\u00f3n, la medida beneficiar\u00e1 a los futbolistas extranjeros que hayan obtenido refugio en Brasil o cuenten con visas humanitarias para permanecer en el pa\u00eds.<\/p>\n<p>Estos atletas podr\u00e1n ser registrados en las competiciones como futbolistas brasile\u00f1os &#8220;sin que tengan que ser inscritos en la cuota de extranjeros, que actualmente es de cinco por equipo&#8221;.<\/p>\n<p style=\"text-align: center;\"><span style=\"color: #3366ff;\"><a style=\"color: #3366ff;\" href=\"https:\/\/www.futboltotal.com.mx\/2016\/11\/fifa-anuncia-candidatos-al-mejor-jugador-del-2016\/\">LEER M\u00c1S: FIFA anuncia candidatos al mejor jugador del 2016<\/a><\/span><\/p>\n<p>&#8220;Se trata de un asunto humanitario que preocupa a todo el mundo y no podr\u00eda ser diferente en el f\u00fatbol. Se trata de una medida concreta y necesaria que puede representar una gran oportunidad para estos jugadores que llegan al pa\u00eds sin ninguna perspectiva&#8221;, asegur\u00f3 el presidente de la CBF, Marco Polo Del Nero, citado en el comunicado de la entidad.<\/p>\n<p>La decisi\u00f3n de la CBF se produjo dos meses despu\u00e9s de que la Federaci\u00f3n de F\u00fatbol del estado de R\u00edo de Janeiro aceptara la inscripci\u00f3n del club P\u00e9rolas Negras (Perlas Negras), formado integralmente por refugiados procedentes de Hait\u00ed.<\/p>\n<p>Para ello la Federaci\u00f3n de R\u00edo tambi\u00e9n tuvo que admitir que los clubes de este estado brasile\u00f1o inscribieran a los jugadores refugiados como nacionales.<\/p>\n<p>El P\u00e9rolas Negras disput\u00f3 este a\u00f1o la Copa Sao Paulo de F\u00fatbol Juvenil y por poco consigue llegar a la final del Campeonato Carioca Sub 20 de segunda divisi\u00f3n, torneo en el que fue eliminado en semifinales.<\/p>\n<blockquote class=\"twitter-tweet\" data-width=\"500\">\n<p lang=\"pt\" dir=\"ltr\"><a href=\"https:\/\/twitter.com\/hashtag\/Sele%C3%A7%C3%A3oBrasileira?src=hash\">#Sele\u00e7\u00e3oBrasileira<\/a> ter\u00e1 escolas de futebol no Brasil e no exterior. Saiba mais &gt;&gt; <a href=\"https:\/\/t.co\/KZKYsReLxJ\">https:\/\/t.co\/KZKYsReLxJ<\/a> <a href=\"https:\/\/t.co\/AKYfAEEuhp\">pic.twitter.com\/AKYfAEEuhp<\/a><\/p>\n<p>&mdash; CBF Futebol (@CBF_Futebol) <a href=\"https:\/\/twitter.com\/CBF_Futebol\/status\/794628315491471362\">November 4, 2016<\/a><\/p><\/blockquote>\n<p><script async src=\"\/\/platform.twitter.com\/widgets.js\" charset=\"utf-8\"><\/script><\/p>\n<p>El club de futbolistas haitianos conquist\u00f3 en septiembre pasado el t\u00edtulo de la Copa Alterosa, disputado en la ciudad de Ub\u00e1.<\/p>\n<p>Seg\u00fan estad\u00edsticas oficiales, Brasil recibi\u00f3 el a\u00f1o pasado 28.670 solicitudes de refugio de extranjeros en el pa\u00eds, un n\u00famero en un 2.868 % superior al de 2010 (966).<\/p>\n<p>La mayor\u00eda de las solicitudes recibidas desde 2010 fue presentada por haitianos, con 48.371 peticiones, ante las facilidades ofrecidas a los procedentes de ese pa\u00eds caribe\u00f1o que huyen de la pobreza.<\/p>\n<p>Enseguida se ubican los procedentes de Senegal (7.206 peticiones), Siria (3.460), Bangladesh (3.287), Nigeria (2.578), Angola (2.281), Congo (2.167), Ghana (2.166), L\u00edbano (1.749) y Venezuela (1.529). EFE<\/p>\n","protected":false},"excerpt":{"rendered":"<p>Los jugadores podr\u00e1n ser inscritos como jugadores nacionales<\/p>\n","protected":false},"author":144,"featured_media":425535,"comment_status":"closed","ping_status":"closed","sticky":false,"template":"","format":"standard","meta":[],"categories":[3839],"tags":[6009],"_links":{"self":[{"href":"http:\/\/desarrollo.grupomedios.com\/futbol\/wp-json\/wp\/v2\/posts\/440659"}],"collection":[{"href":"http:\/\/desarrollo.grupomedios.com\/futbol\/wp-json\/wp\/v2\/posts"}],"about":[{"href":"http:\/\/desarrollo.grupomedios.com\/futbol\/wp-json\/wp\/v2\/types\/post"}],"author":[{"embeddable":true,"href":"http:\/\/desarrollo.grupomedios.com\/futbol\/wp-json\/wp\/v2\/users\/144"}],"replies":[{"embeddable":true,"href":"http:\/\/desarrollo.grupomedios.com\/futbol\/wp-json\/wp\/v2\/comments?post=440659"}],"version-history":[{"count":0,"href":"http:\/\/desarrollo.grupomedios.com\/futbol\/wp-json\/wp\/v2\/posts\/440659\/revisions"}],"wp:featuredmedia":[{"embeddable":true,"href":"http:\/\/desarrollo.grupomedios.com\/futbol\/wp-json\/wp\/v2\/media\/425535"}],"wp:attachment":[{"href":"http:\/\/desarrollo.grupomedios.com\/futbol\/wp-json\/wp\/v2\/media?parent=440659"}],"wp:term":[{"taxonomy":"category","embeddable":true,"href":"http:\/\/desarrollo.grupomedios.com\/futbol\/wp-json\/wp\/v2\/categories?post=440659"},{"taxonomy":"post_tag","embeddable":true,"href":"http:\/\/desarrollo.grupomedios.com\/futbol\/wp-json\/wp\/v2\/tags?post=440659"}],"curies":[{"name":"wp","href":"https:\/\/api.w.org\/{rel}","templated":true}]}}