{"id":440669,"date":"2016-11-04T16:12:59","date_gmt":"2016-11-04T22:12:59","guid":{"rendered":"https:\/\/www.futboltotal.com.mx\/?p=440669"},"modified":"2016-11-05T14:41:04","modified_gmt":"2016-11-05T20:41:04","slug":"destacan-regreso-de-falcao-y-llamado-de-cardona-en-colombia","status":"publish","type":"post","link":"http:\/\/desarrollo.grupomedios.com\/futbol\/uncategorized\/destacan-regreso-de-falcao-y-llamado-de-cardona-en-colombia\/2016\/11","title":{"rendered":"Destacan regreso de Falcao y llamado en Colombia"},"content":{"rendered":"<p>El regreso de <strong>Radamel Falcao Garc\u00eda<\/strong> y el llamado del goleador de la Copa Sudamericana, Miguel Borja, fueron las principales novedades de la convocatoria del seleccionador de <strong>Colombia<\/strong>, Jos\u00e9 Pekerman, para enfrentar a Chile y Argentina en las pr\u00f3ximas jornadas de la eliminatoria al Mundial de Rusia 2018.<\/p>\n<p><strong>Falcao<\/strong>, quien logr\u00f3 superar las lesiones que lo alejaron por varios meses de las canchas, regres\u00f3 a jugar con el M\u00f3naco franc\u00e9s con el que marc\u00f3 dos de los tres goles con el que vapulearon al CSK de Mosc\u00fa en la Liga de Campeones.<\/p>\n<p>El \u00faltimo partido que jug\u00f3 <em>El Tigre<\/em>\u00a0con la selecci\u00f3n en eliminatorias fue en Montevideo el 13 de octubre de 2015 en el que los charr\u00faas se impusieron por 3-0.<\/p>\n<p><strong>Colombia<\/strong> recibir\u00e1 a Chile en Barranquilla y visitar\u00e1 a Argentina en San Juan. En el grupo de convocados est\u00e1 tambi\u00e9n James Rodr\u00edguez pese a que no ha conseguido afirmarse como titular del Real Madrid, as\u00ed como el creativo Edwin Cardona del Monterrey mexicano.<\/p>\n<p style=\"text-align: center;\"><span style=\"color: #3366ff;\"><a style=\"color: #3366ff;\" href=\"https:\/\/www.futboltotal.com.mx\/2016\/11\/jugadora-del-barcelona-imita-a-messi-a-maradona\/\">LEER M\u00c1S: Jugadora del Barcelona imita a Messi y a Maradona<\/a><\/span><\/p>\n<p>La concentraci\u00f3n del equipo colombiano comenzar\u00e1 este fin de semana en Barranquilla a donde los jugadores empezar\u00e1n a llegar cuando terminen sus compromisos con sus respectivos clubes.<\/p>\n<p><strong>Colombia,<\/strong> que marcha en la cuarta posici\u00f3n de las eliminatorias con 17 puntos recibir\u00e1 a Chile, quinto con 16, el 10 de noviembre en el estadio Metropolitano, y visitar\u00e1 a Argentina el d\u00eda 15.<\/p>\n<blockquote class=\"twitter-tweet\" data-width=\"500\">\n<p lang=\"es\" dir=\"ltr\"><a href=\"https:\/\/twitter.com\/hashtag\/CaminoRusia2018?src=hash\">#CaminoRusia2018<\/a><\/p>\n<p>\u00a1Esta es la convocatoria oficial de <a href=\"https:\/\/twitter.com\/hashtag\/FCFMayores?src=hash\">#FCFMayores<\/a> para enfrentar a <a href=\"https:\/\/twitter.com\/LaRoja\">@LaRoja<\/a> y <a href=\"https:\/\/twitter.com\/Argentina\">@Argentina<\/a>! <a href=\"https:\/\/t.co\/y1TuNeRN9k\">pic.twitter.com\/y1TuNeRN9k<\/a><\/p>\n<p>&mdash; Selecci\u00f3n Colombia (@FCFSeleccionCol) <a href=\"https:\/\/twitter.com\/FCFSeleccionCol\/status\/794644927351242753\">November 4, 2016<\/a><\/p><\/blockquote>\n<p><script async src=\"\/\/platform.twitter.com\/widgets.js\" charset=\"utf-8\"><\/script><\/p>\n","protected":false},"excerpt":{"rendered":"<p>Pas\u00f3 un a\u00f1o para que Falcao regresara a la Selecci\u00f3n Colombiana<\/p>\n","protected":false},"author":144,"featured_media":440670,"comment_status":"closed","ping_status":"closed","sticky":false,"template":"","format":"standard","meta":[],"categories":[3839,5951,1],"tags":[7211,6005,4902],"_links":{"self":[{"href":"http:\/\/desarrollo.grupomedios.com\/futbol\/wp-json\/wp\/v2\/posts\/440669"}],"collection":[{"href":"http:\/\/desarrollo.grupomedios.com\/futbol\/wp-json\/wp\/v2\/posts"}],"about":[{"href":"http:\/\/desarrollo.grupomedios.com\/futbol\/wp-json\/wp\/v2\/types\/post"}],"author":[{"embeddable":true,"href":"http:\/\/desarrollo.grupomedios.com\/futbol\/wp-json\/wp\/v2\/users\/144"}],"replies":[{"embeddable":true,"href":"http:\/\/desarrollo.grupomedios.com\/futbol\/wp-json\/wp\/v2\/comments?post=440669"}],"version-history":[{"count":0,"href":"http:\/\/desarrollo.grupomedios.com\/futbol\/wp-json\/wp\/v2\/posts\/440669\/revisions"}],"wp:featuredmedia":[{"embeddable":true,"href":"http:\/\/desarrollo.grupomedios.com\/futbol\/wp-json\/wp\/v2\/media\/440670"}],"wp:attachment":[{"href":"http:\/\/desarrollo.grupomedios.com\/futbol\/wp-json\/wp\/v2\/media?parent=440669"}],"wp:term":[{"taxonomy":"category","embeddable":true,"href":"http:\/\/desarrollo.grupomedios.com\/futbol\/wp-json\/wp\/v2\/categories?post=440669"},{"taxonomy":"post_tag","embeddable":true,"href":"http:\/\/desarrollo.grupomedios.com\/futbol\/wp-json\/wp\/v2\/tags?post=440669"}],"curies":[{"name":"wp","href":"https:\/\/api.w.org\/{rel}","templated":true}]}}