{"id":440684,"date":"2016-11-04T17:29:44","date_gmt":"2016-11-04T23:29:44","guid":{"rendered":"https:\/\/www.futboltotal.com.mx\/?p=440684"},"modified":"2016-11-04T17:43:04","modified_gmt":"2016-11-04T23:43:04","slug":"en-cruz-azul-afectaran-protestas-aficionados","status":"publish","type":"post","link":"http:\/\/desarrollo.grupomedios.com\/futbol\/destacado-home\/en-cruz-azul-afectaran-protestas-aficionados\/2016\/11","title":{"rendered":"En Cruz Azul no afectar\u00e1n protestas de aficionados"},"content":{"rendered":"<p>La afici\u00f3n del <strong>Cruz Azul<\/strong> est\u00e1 m\u00e1s que molesta por los resultados, por eso se organizaron para hacer una <a href=\"https:\/\/www.futboltotal.com.mx\/2016\/10\/carlos-hermosillo-convoca-ir-al-estadio-azul-negro\/\" target=\"_blank\">protesta que lidera Carlos Hermosillo<\/a>, la cual consiste en asistir al Estadio Azul vestidos de negros; postura que no inmuta al equipo.<\/p>\n<p>&#8220;Lo de la playera negra es decisi\u00f3n de ellos, nosotros los respetamos porque sabemos por lo que estamos pasando. En lo personal yo no tengo ning\u00fan problema con eso, yo no puedo habar por mis compa\u00f1eros, pero si la afici\u00f3n quiere venir de negro, adelante, yo no tengo ning\u00fan problema. Creo que no nos afecta mucho, yo creo ser\u00eda como darnos cuenta de qu\u00e9 podemos hacer las cosas para la afici\u00f3n&#8221;, coment\u00f3 Jes\u00fas Garc\u00eda en conferencia de prensa.<\/p>\n<p>https:\/\/twitter.com\/Cruz_Azul_FC\/status\/794645545977516036<\/p>\n<p>Ya sin posibilidades de acceder a Liguilla, en <strong>Cruz Azul<\/strong> quieren cerrar con dignidad su participaci\u00f3n en el certamen, toda vez que se enfrenten al Pachuca y concluyan con Le\u00f3n.<\/p>\n<p>&#8220;Tenemos mucho que perder por la crisis que estamos pasando, pero creo que un partido como este, ser\u00eda bueno para darle la vuelta a la p\u00e1gina que no es nada agradable para nadie. Ser\u00eda la manera de darle tranquilidad a esta situaci\u00f3n y de sacar estos dos partidos en casa ser\u00eda espectacular y una alegr\u00eda muy grande para la afici\u00f3n&#8221;, remat\u00f3.<\/p>\n<p><strong>S\u00edguenos en Twitter<\/strong>:\u00a0<a href=\"https:\/\/twitter.com\/MXFutbolTotal\">@MXFutbolTotal<\/a><\/p>\n<p><span style=\"color: #ff0000;\"><strong>VIDEO<\/strong>: Agenda de TV de la jornada 16<\/span><br \/>\n[video_player]https:\/\/player.vimeo.com\/external\/189801499.sd.mp4?s=61044607b527cee031fb2ad4397c27d019872848&amp;profile_id=165[\/video_player]<\/p>\n","protected":false},"excerpt":{"rendered":"<p>&#8220;En lo personal yo no tengo ning\u00fan problema con eso&#8221;<\/p>\n","protected":false},"author":20,"featured_media":440685,"comment_status":"closed","ping_status":"closed","sticky":false,"template":"","format":"standard","meta":[],"categories":[5,2198,3845],"tags":[5962],"_links":{"self":[{"href":"http:\/\/desarrollo.grupomedios.com\/futbol\/wp-json\/wp\/v2\/posts\/440684"}],"collection":[{"href":"http:\/\/desarrollo.grupomedios.com\/futbol\/wp-json\/wp\/v2\/posts"}],"about":[{"href":"http:\/\/desarrollo.grupomedios.com\/futbol\/wp-json\/wp\/v2\/types\/post"}],"author":[{"embeddable":true,"href":"http:\/\/desarrollo.grupomedios.com\/futbol\/wp-json\/wp\/v2\/users\/20"}],"replies":[{"embeddable":true,"href":"http:\/\/desarrollo.grupomedios.com\/futbol\/wp-json\/wp\/v2\/comments?post=440684"}],"version-history":[{"count":0,"href":"http:\/\/desarrollo.grupomedios.com\/futbol\/wp-json\/wp\/v2\/posts\/440684\/revisions"}],"wp:featuredmedia":[{"embeddable":true,"href":"http:\/\/desarrollo.grupomedios.com\/futbol\/wp-json\/wp\/v2\/media\/440685"}],"wp:attachment":[{"href":"http:\/\/desarrollo.grupomedios.com\/futbol\/wp-json\/wp\/v2\/media?parent=440684"}],"wp:term":[{"taxonomy":"category","embeddable":true,"href":"http:\/\/desarrollo.grupomedios.com\/futbol\/wp-json\/wp\/v2\/categories?post=440684"},{"taxonomy":"post_tag","embeddable":true,"href":"http:\/\/desarrollo.grupomedios.com\/futbol\/wp-json\/wp\/v2\/tags?post=440684"}],"curies":[{"name":"wp","href":"https:\/\/api.w.org\/{rel}","templated":true}]}}