{"id":440777,"date":"2016-11-05T10:57:20","date_gmt":"2016-11-05T16:57:20","guid":{"rendered":"https:\/\/www.futboltotal.com.mx\/?p=440777"},"modified":"2016-11-05T11:14:15","modified_gmt":"2016-11-05T17:14:15","slug":"carlos-vela-le-marca-al-atletico-madrid","status":"publish","type":"post","link":"http:\/\/desarrollo.grupomedios.com\/futbol\/destacado-home\/carlos-vela-le-marca-al-atletico-madrid\/2016\/11","title":{"rendered":"\u00a1Carlos Vela marca en victoria sobre Atl\u00e9tico de Madrid!"},"content":{"rendered":"<p>En partido de la jornada 11 de la Liga de Espa\u00f1a celebrado en La Anoeta, la <strong>Real Sociedad<\/strong> de <strong>Carlos Vela<\/strong> recibi\u00f3 al Atl\u00e9tico de Madrid de Antoine Griezmann, y en un encuentro cerrado, los <em>Txuri-urdin<\/em> abrieron el marcador gracias al <em>Bombardero<\/em>, que por la v\u00eda penal defini\u00f3 sin inconvenientes al minuto 53\u2019. El resultado final fue de 2-0 a favor del equipo del mexicano, que colabor\u00f3 en las dos anotaciones.<\/p>\n<blockquote class=\"twitter-tweet\" data-width=\"500\">\n<p lang=\"es\" dir=\"ltr\">Gol de Carlos Vela Real Sociedad vs Atletico Madrid 1-0 05-11-2016 <a href=\"https:\/\/t.co\/8pX8avH8ps\">https:\/\/t.co\/8pX8avH8ps<\/a><\/p>\n<p>&mdash; SOSO STUDIOS (@matxaziation) <a href=\"https:\/\/twitter.com\/matxaziation\/status\/794940463883153409\">November 5, 2016<\/a><\/p><\/blockquote>\n<p><script async src=\"\/\/platform.twitter.com\/widgets.js\" charset=\"utf-8\"><\/script><\/p>\n<p>https:\/\/twitter.com\/RealSociedad\/status\/794942219002281984<\/p>\n<p><strong>Carlos Vela<\/strong> continu\u00f3 siendo factor para su equipo, pues 20 minutos despu\u00e9s de su anotaci\u00f3n, provoc\u00f3 una falta sobre \u00e9l dentro del \u00e1rea y su compa\u00f1ero Willian la convirti\u00f3 en gol para ampliar la ventaja sobre los <em>Colchoneros<\/em>. El Bombardero abandon\u00f3 el campo al minuto 82&#8242;.<\/p>\n<p style=\"text-align: center;\"><span style=\"color: #3366ff;\"><a style=\"color: #3366ff;\" href=\"https:\/\/www.futboltotal.com.mx\/2016\/11\/bayer-leverkusen-triunfa-sin-gol-chicharito\/\" target=\"_blank\"><strong>LEER M\u00c1S: Chicharito no corre con la misma suerte de Vela<\/strong><\/a><\/span><\/p>\n<blockquote class=\"twitter-tweet\" data-width=\"500\">\n<p lang=\"und\" dir=\"ltr\">75&#39; \u00a1\u00a1\u00a1\u00a1\u00a1GOOOOOOOOOOOOOOOOOLLLLLLLLLLLLLL!!!!!!!!!!!!!!!!!!!!!!! <a href=\"https:\/\/t.co\/PB3apiZy82\">pic.twitter.com\/PB3apiZy82<\/a><\/p>\n<p>&mdash; Real Sociedad F\u00fatbol (@RealSociedad) <a href=\"https:\/\/twitter.com\/RealSociedad\/status\/794943625851535360\">November 5, 2016<\/a><\/p><\/blockquote>\n<p><script async src=\"\/\/platform.twitter.com\/widgets.js\" charset=\"utf-8\"><\/script><\/p>\n<p>Con este buen juego, <strong>Carlos Vela<\/strong> sigue ratificando su buen desempe\u00f1o, y demuestra por qu\u00e9 se gan\u00f3 nuevamente un llamado para jugar con la <a href=\"http:\/\/futboltotal.com.mx\/futbol-mexicano\/seleccion-mexicana\/\" target=\"_blank\">Selecci\u00f3n Mexicana<\/a>, en el arranque del Hexagonal Final de CONCACAF, rumbo a Rusia 2018.<\/p>\n<blockquote class=\"twitter-tweet\" data-width=\"500\">\n<p lang=\"und\" dir=\"ltr\">54&#39; GOOOOOOOOOOOL!!!!!!!!!!!!!!! <a href=\"https:\/\/t.co\/VD3eAms0mM\">pic.twitter.com\/VD3eAms0mM<\/a><\/p>\n<p>&mdash; Real Sociedad F\u00fatbol (@RealSociedad) <a href=\"https:\/\/twitter.com\/RealSociedad\/status\/794938346627854336\">November 5, 2016<\/a><\/p><\/blockquote>\n<p><script async src=\"\/\/platform.twitter.com\/widgets.js\" charset=\"utf-8\"><\/script><\/p>\n<p><a href=\"https:\/\/www.futboltotal.com.mx\/wp-content\/uploads\/2016\/11\/carlos-vela-anota.jpg\"><img decoding=\"async\" loading=\"lazy\" class=\"alignnone size-full wp-image-440779\" src=\"https:\/\/www.futboltotal.com.mx\/wp-content\/uploads\/2016\/11\/carlos-vela-anota.jpg\" alt=\"carlos-vela-anota\" srcset=\"http:\/\/desarrollo.grupomedios.com\/futbol\/wp-content\/uploads\/2016\/11\/carlos-vela-anota.jpg 858w, http:\/\/desarrollo.grupomedios.com\/futbol\/wp-content\/uploads\/2016\/11\/carlos-vela-anota-300x151.jpg 300w, http:\/\/desarrollo.grupomedios.com\/futbol\/wp-content\/uploads\/2016\/11\/carlos-vela-anota-768x386.jpg 768w, http:\/\/desarrollo.grupomedios.com\/futbol\/wp-content\/uploads\/2016\/11\/carlos-vela-anota-340x171.jpg 340w\" sizes=\"(max-width: 858px) 100vw, 858px\" \/><\/a><\/p>\n","protected":false},"excerpt":{"rendered":"<p>El mexicano sigue en buen nivel previo al Hexagonal<\/p>\n","protected":false},"author":20,"featured_media":440778,"comment_status":"closed","ping_status":"closed","sticky":false,"template":"","format":"standard","meta":[],"categories":[5,3839,3844,6718],"tags":[6048],"_links":{"self":[{"href":"http:\/\/desarrollo.grupomedios.com\/futbol\/wp-json\/wp\/v2\/posts\/440777"}],"collection":[{"href":"http:\/\/desarrollo.grupomedios.com\/futbol\/wp-json\/wp\/v2\/posts"}],"about":[{"href":"http:\/\/desarrollo.grupomedios.com\/futbol\/wp-json\/wp\/v2\/types\/post"}],"author":[{"embeddable":true,"href":"http:\/\/desarrollo.grupomedios.com\/futbol\/wp-json\/wp\/v2\/users\/20"}],"replies":[{"embeddable":true,"href":"http:\/\/desarrollo.grupomedios.com\/futbol\/wp-json\/wp\/v2\/comments?post=440777"}],"version-history":[{"count":0,"href":"http:\/\/desarrollo.grupomedios.com\/futbol\/wp-json\/wp\/v2\/posts\/440777\/revisions"}],"wp:featuredmedia":[{"embeddable":true,"href":"http:\/\/desarrollo.grupomedios.com\/futbol\/wp-json\/wp\/v2\/media\/440778"}],"wp:attachment":[{"href":"http:\/\/desarrollo.grupomedios.com\/futbol\/wp-json\/wp\/v2\/media?parent=440777"}],"wp:term":[{"taxonomy":"category","embeddable":true,"href":"http:\/\/desarrollo.grupomedios.com\/futbol\/wp-json\/wp\/v2\/categories?post=440777"},{"taxonomy":"post_tag","embeddable":true,"href":"http:\/\/desarrollo.grupomedios.com\/futbol\/wp-json\/wp\/v2\/tags?post=440777"}],"curies":[{"name":"wp","href":"https:\/\/api.w.org\/{rel}","templated":true}]}}