{"id":440800,"date":"2016-11-06T08:00:31","date_gmt":"2016-11-06T14:00:31","guid":{"rendered":"https:\/\/www.futboltotal.com.mx\/?p=440800"},"modified":"2016-11-06T13:37:23","modified_gmt":"2016-11-06T19:37:23","slug":"clasico-portugues-toque-mexicano","status":"publish","type":"post","link":"http:\/\/desarrollo.grupomedios.com\/futbol\/futbol-internacional\/clasico-portugues-toque-mexicano\/2016\/11","title":{"rendered":"Cl\u00e1sico portugu\u00e9s con toque mexicano"},"content":{"rendered":"<p>El primer <strong>cl\u00e1sico portugu\u00e9s<\/strong> en la temporada 2016-17 se disputa este domingo en el estadio Do Dragao y coloca bajo el foco a los mexicanos H\u00e9ctor Herrera, Jes\u00fas Corona, Miguel Lay\u00fan y Ra\u00fal Jim\u00e9nez, en un partido in\u00e9dito en el que primera vez podr\u00edan coincidir.<\/p>\n<p>Y es que en la campa\u00f1a pasada en ninguno de los cl\u00e1sicos pudieron enfrentarse estos cuatro<em> tricolores<\/em>. En el primer enfrentamiento no particip\u00f3 H\u00e9ctor Herrera por decisi\u00f3n t\u00e1ctica y en el segundo tampoco Ra\u00fal Jim\u00e9nez se qued\u00f3 con ganas de tener minutos. En ambos jugaron Tecatito y Lay\u00fan.<\/p>\n<p style=\"text-align: center;\"><a href=\"https:\/\/www.futboltotal.com.mx\/futbol-internacional\/mexicanos-en-europa\/\"><span style=\"color: #3366ff;\">LEER M\u00c1S: Todas las noticias de mexicanos en Europa<\/span><\/a><\/p>\n<p><span style=\"color: #800000;\">\u00bfJim\u00e9nez podr\u00e1 reencontrarse con el gol?<\/span><\/p>\n<p>Ser\u00e1 un partido de suma importancia para Ra\u00fal Jim\u00e9nez, quien no ha tenido suerte cuando enfrenta al Porto. De entrada no sabe lo que es ganar a los <em>Dragones,<\/em>\u00a0toda vez que en los dos partidos del curso pasado el Benfica cay\u00f3 (1-0 y 1-2) y \u00e9l solo ha podido disputar un par de minutos en el primero de ellos.<\/p>\n<p>Aunado a ello, el delantero no ha podido marcar gol en los \u00faltimos tres partidos -dos en liga y una en Champions- que ha disputado desde que super\u00f3 su lesi\u00f3n en la rodilla izquierda y reapareci\u00f3 en la octava jornada ante Benfica. Sus n\u00fameros a partir de entonces son 49 minutos y una asistencia.<\/p>\n<p><span style=\"color: #800000;\">Los <em>Dragones\u00a0<\/em>lucieron en el \u00faltimo cl\u00e1sico<\/span><\/p>\n<p>No hay hombre con m\u00e1s experiencia en esta clase de partidos que el mediocampista mexicano H\u00e9ctor Herrera, quien ha enfrentado en siete ocasiones al Benfica desde que lleg\u00f3 con el Porto en 2013. Y en el \u00faltimo de ellos logr\u00f3 un golazo de billarista que form\u00f3 parte de la remontada (1-2) en Lisboa. Fue su primer tanto ante el ac\u00e9rrimo rival.<\/p>\n<p>Detr\u00e1s de <em>HH, <\/em>llegan el todoterreno\u00a0Miguel Lay\u00fan y el extremo <em>Tecatito<\/em> Corona, quienes vivir\u00e1n su tercer cl\u00e1sico con la etiqueta de amuletos del Porto: han jugado dos partidos y en ambos gan\u00f3 el Porto. Lay\u00fan figura en la historia de este cl\u00e1sico despu\u00e9s de haber dado una asistencia nada menos que a su connacional Herrera, en el \u00faltimo choque de liga. En tanto, Corona tiene la cuenta pendiente de formar parte de ella, como obrero o fabricante del gol. La mesa est\u00e1 puesta para un<strong> cl\u00e1sico portugu\u00e9s<\/strong> con toque mexicano.<\/p>\n<p>&nbsp;<\/p>\n<p>&nbsp;<\/p>\n","protected":false},"excerpt":{"rendered":"<p>Ma\u00f1ana podr\u00edan enfrentarse por primera vez cuatro tricolores en Portugal<\/p>\n","protected":false},"author":20,"featured_media":440815,"comment_status":"closed","ping_status":"closed","sticky":false,"template":"","format":"standard","meta":[],"categories":[3839,6718],"tags":[7558,5995,1035,6045],"_links":{"self":[{"href":"http:\/\/desarrollo.grupomedios.com\/futbol\/wp-json\/wp\/v2\/posts\/440800"}],"collection":[{"href":"http:\/\/desarrollo.grupomedios.com\/futbol\/wp-json\/wp\/v2\/posts"}],"about":[{"href":"http:\/\/desarrollo.grupomedios.com\/futbol\/wp-json\/wp\/v2\/types\/post"}],"author":[{"embeddable":true,"href":"http:\/\/desarrollo.grupomedios.com\/futbol\/wp-json\/wp\/v2\/users\/20"}],"replies":[{"embeddable":true,"href":"http:\/\/desarrollo.grupomedios.com\/futbol\/wp-json\/wp\/v2\/comments?post=440800"}],"version-history":[{"count":0,"href":"http:\/\/desarrollo.grupomedios.com\/futbol\/wp-json\/wp\/v2\/posts\/440800\/revisions"}],"wp:featuredmedia":[{"embeddable":true,"href":"http:\/\/desarrollo.grupomedios.com\/futbol\/wp-json\/wp\/v2\/media\/440815"}],"wp:attachment":[{"href":"http:\/\/desarrollo.grupomedios.com\/futbol\/wp-json\/wp\/v2\/media?parent=440800"}],"wp:term":[{"taxonomy":"category","embeddable":true,"href":"http:\/\/desarrollo.grupomedios.com\/futbol\/wp-json\/wp\/v2\/categories?post=440800"},{"taxonomy":"post_tag","embeddable":true,"href":"http:\/\/desarrollo.grupomedios.com\/futbol\/wp-json\/wp\/v2\/tags?post=440800"}],"curies":[{"name":"wp","href":"https:\/\/api.w.org\/{rel}","templated":true}]}}