{"id":440808,"date":"2016-11-05T14:35:07","date_gmt":"2016-11-05T20:35:07","guid":{"rendered":"https:\/\/www.futboltotal.com.mx\/?p=440808"},"modified":"2016-11-05T14:36:05","modified_gmt":"2016-11-05T20:36:05","slug":"carlos-vela-rey-del-penal-real-sociedad","status":"publish","type":"post","link":"http:\/\/desarrollo.grupomedios.com\/futbol\/futbol-internacional\/carlos-vela-rey-del-penal-real-sociedad\/2016\/11","title":{"rendered":"Carlos Vela, rey del penal con Real Sociedad"},"content":{"rendered":"<p>Este s\u00e1bado 5 de noviembre,<strong> Carlos Vela<\/strong> volvi\u00f3 a anotar con la <strong>Real Sociedad<\/strong>, esta vez el rival fue el Atl\u00e9tico de Madrid al que pudieron vencer gracias a un buen juego del <em>Bombardero<\/em>, quien aunque anoto de penal, lo hizo con gran t\u00e9cnica.<\/p>\n<p><strong>Carlos Vela<\/strong> no s\u00f3lo presume un buen momento con <strong>Real Sociedad<\/strong>, tambi\u00e9n de efectividad, pues cada vez que ha levantado la mano para disparar desde los once pasos, ha anotado, y en la mayor\u00eda de esas ocasiones su equipo gan\u00f3.<\/p>\n<p style=\"text-align: center;\"><span style=\"color: #3366ff;\"><a style=\"color: #3366ff;\" href=\"https:\/\/www.futboltotal.com.mx\/2016\/11\/carlos-vela-le-marca-al-atletico-madrid\/\" target=\"_blank\"><strong>LEER M\u00c1S: El gol de Carlos Vela<\/strong> <\/a><\/span><\/p>\n<p><a href=\"https:\/\/www.futboltotal.com.mx\/wp-content\/uploads\/2016\/11\/tabla-goles-de-penal-de-carlos-vela.jpg\"><img decoding=\"async\" loading=\"lazy\" class=\"size-full wp-image-440809 aligncenter\" src=\"https:\/\/www.futboltotal.com.mx\/wp-content\/uploads\/2016\/11\/tabla-goles-de-penal-de-carlos-vela.jpg\" alt=\"tabla-goles-de-penal-de-carlos-vela\" srcset=\"http:\/\/desarrollo.grupomedios.com\/futbol\/wp-content\/uploads\/2016\/11\/tabla-goles-de-penal-de-carlos-vela.jpg 858w, http:\/\/desarrollo.grupomedios.com\/futbol\/wp-content\/uploads\/2016\/11\/tabla-goles-de-penal-de-carlos-vela-258x300.jpg 258w, http:\/\/desarrollo.grupomedios.com\/futbol\/wp-content\/uploads\/2016\/11\/tabla-goles-de-penal-de-carlos-vela-768x894.jpg 768w\" sizes=\"(max-width: 858px) 100vw, 858px\" \/><\/a><\/p>\n<p>Con esto, <strong>Carlos Vela<\/strong> ratifica su buen momento y porqu\u00e9 se gan\u00f3 un llamado con la <a href=\"http:\/\/futboltotal.com.mx\/futbol-mexicano\/seleccion-mexicana\/\" target=\"_blank\">Selecci\u00f3n Mexicana<\/a>, para el arranque del Hexagonal Final de CONCACAF, en donde el TRI enfrentar\u00e1 a Estados Unidos y Panam\u00e1, como visitante.<\/p>\n<p><strong>S\u00edguenos en Twitter<\/strong>: <a href=\"https:\/\/twitter.com\/MXFutbolTotal\" target=\"_blank\">@MXFutbolTotal<\/a><\/p>\n","protected":false},"excerpt":{"rendered":"<p>El Bombardero es infalible desde los once pasos<\/p>\n","protected":false},"author":20,"featured_media":440810,"comment_status":"closed","ping_status":"closed","sticky":false,"template":"","format":"standard","meta":[],"categories":[3839,3844,6718,5951],"tags":[6048,102],"_links":{"self":[{"href":"http:\/\/desarrollo.grupomedios.com\/futbol\/wp-json\/wp\/v2\/posts\/440808"}],"collection":[{"href":"http:\/\/desarrollo.grupomedios.com\/futbol\/wp-json\/wp\/v2\/posts"}],"about":[{"href":"http:\/\/desarrollo.grupomedios.com\/futbol\/wp-json\/wp\/v2\/types\/post"}],"author":[{"embeddable":true,"href":"http:\/\/desarrollo.grupomedios.com\/futbol\/wp-json\/wp\/v2\/users\/20"}],"replies":[{"embeddable":true,"href":"http:\/\/desarrollo.grupomedios.com\/futbol\/wp-json\/wp\/v2\/comments?post=440808"}],"version-history":[{"count":0,"href":"http:\/\/desarrollo.grupomedios.com\/futbol\/wp-json\/wp\/v2\/posts\/440808\/revisions"}],"wp:featuredmedia":[{"embeddable":true,"href":"http:\/\/desarrollo.grupomedios.com\/futbol\/wp-json\/wp\/v2\/media\/440810"}],"wp:attachment":[{"href":"http:\/\/desarrollo.grupomedios.com\/futbol\/wp-json\/wp\/v2\/media?parent=440808"}],"wp:term":[{"taxonomy":"category","embeddable":true,"href":"http:\/\/desarrollo.grupomedios.com\/futbol\/wp-json\/wp\/v2\/categories?post=440808"},{"taxonomy":"post_tag","embeddable":true,"href":"http:\/\/desarrollo.grupomedios.com\/futbol\/wp-json\/wp\/v2\/tags?post=440808"}],"curies":[{"name":"wp","href":"https:\/\/api.w.org\/{rel}","templated":true}]}}