{"id":440841,"date":"2016-11-05T17:04:00","date_gmt":"2016-11-05T23:04:00","guid":{"rendered":"https:\/\/www.futboltotal.com.mx\/?p=440841"},"modified":"2016-11-05T17:04:25","modified_gmt":"2016-11-05T23:04:25","slug":"ajax-ficha-a-futbolista-mexicano","status":"publish","type":"post","link":"http:\/\/desarrollo.grupomedios.com\/futbol\/futbol-mexicano\/ajax-ficha-a-futbolista-mexicano\/2016\/11","title":{"rendered":"\u00a1Ajax ficha a futbolista mexicano!"},"content":{"rendered":"<p>El futbolista mexicano, <strong>Diego Said S\u00e1nchez<\/strong>, recibi\u00f3 una beca del <strong>Ajax<\/strong> de Holanda para militar en la categor\u00eda Sub-19 del conjunto de la Eredivisie, durante un a\u00f1o. La informaci\u00f3n fue dada a conocer por su padre, Elfego S\u00e1nchez en una conferencia de prensa en Acapulco, Guerrero, de donde son originarios.<\/p>\n<p><a href=\"https:\/\/www.futboltotal.com.mx\/wp-content\/uploads\/2016\/11\/diego-sanchez.jpg\"><img decoding=\"async\" loading=\"lazy\" class=\"size-full wp-image-440842 aligncenter\" src=\"https:\/\/www.futboltotal.com.mx\/wp-content\/uploads\/2016\/11\/diego-sanchez.jpg\" alt=\"diego-sanchez\" srcset=\"http:\/\/desarrollo.grupomedios.com\/futbol\/wp-content\/uploads\/2016\/11\/diego-sanchez.jpg 858w, http:\/\/desarrollo.grupomedios.com\/futbol\/wp-content\/uploads\/2016\/11\/diego-sanchez-300x151.jpg 300w, http:\/\/desarrollo.grupomedios.com\/futbol\/wp-content\/uploads\/2016\/11\/diego-sanchez-768x386.jpg 768w, http:\/\/desarrollo.grupomedios.com\/futbol\/wp-content\/uploads\/2016\/11\/diego-sanchez-340x171.jpg 340w\" sizes=\"(max-width: 858px) 100vw, 858px\" \/><\/a><\/p>\n<p>La contrataci\u00f3n se dio gracias a una triangulaci\u00f3n con el Centro de Alto Rendimiento <em>Proyect Talents Soccer<\/em>, que tiene sede en Guadalajara, Jalisco. Elfego S\u00e1nchez revel\u00f3 que hab\u00eda inter\u00e9s por su hijo, de 16 a\u00f1os, de parte de equipos europeos y mexicanos.<\/p>\n<p style=\"text-align: center;\"><span style=\"color: #3366ff;\"><a style=\"color: #3366ff;\" href=\"https:\/\/www.futboltotal.com.mx\/futbol-internacional\/mexicanos-en-europa\/\" target=\"_blank\"><strong>LEER M\u00c1S: \u00a1Gran jornada de los Mexicanos en Europa!<\/strong><\/a><\/span><\/p>\n<p>Chivas, Pumas y Xolos fueron los clubes de Liga MX que pretendieron a <strong>Diego S\u00e1nchez<\/strong>, pero las ofertas de la Real Sociedad, Borussia Monchengladbach y Ajax, eran m\u00e1s tentadoras. El padre del muchacho afirm\u00f3 que el conjunto holand\u00e9s pondr\u00e1 a prueba al mexicano para definir si \u201cse queda permanentemente\u201d.<\/p>\n<p><strong>Diego S\u00e1nchez<\/strong> milit\u00f3 en el equipo del colegio La Salle de Acapulco, en los Delfines de Jorge Campos, y jug\u00f3 con la Selecci\u00f3n Sub-15 de Guerrero.<\/p>\n<p><strong>S\u00edguenos en Twitter<\/strong>: <a href=\"https:\/\/twitter.com\/MXFutbolTotal\" target=\"_blank\">@MXFutbolTotal<\/a><\/p>\n","protected":false},"excerpt":{"rendered":"<p>Diego S\u00e1nchez fue becado para jugar en la Sub-19<\/p>\n","protected":false},"author":20,"featured_media":440843,"comment_status":"closed","ping_status":"closed","sticky":false,"template":"","format":"standard","meta":[],"categories":[2198,3845,5950],"tags":[1603],"_links":{"self":[{"href":"http:\/\/desarrollo.grupomedios.com\/futbol\/wp-json\/wp\/v2\/posts\/440841"}],"collection":[{"href":"http:\/\/desarrollo.grupomedios.com\/futbol\/wp-json\/wp\/v2\/posts"}],"about":[{"href":"http:\/\/desarrollo.grupomedios.com\/futbol\/wp-json\/wp\/v2\/types\/post"}],"author":[{"embeddable":true,"href":"http:\/\/desarrollo.grupomedios.com\/futbol\/wp-json\/wp\/v2\/users\/20"}],"replies":[{"embeddable":true,"href":"http:\/\/desarrollo.grupomedios.com\/futbol\/wp-json\/wp\/v2\/comments?post=440841"}],"version-history":[{"count":0,"href":"http:\/\/desarrollo.grupomedios.com\/futbol\/wp-json\/wp\/v2\/posts\/440841\/revisions"}],"wp:featuredmedia":[{"embeddable":true,"href":"http:\/\/desarrollo.grupomedios.com\/futbol\/wp-json\/wp\/v2\/media\/440843"}],"wp:attachment":[{"href":"http:\/\/desarrollo.grupomedios.com\/futbol\/wp-json\/wp\/v2\/media?parent=440841"}],"wp:term":[{"taxonomy":"category","embeddable":true,"href":"http:\/\/desarrollo.grupomedios.com\/futbol\/wp-json\/wp\/v2\/categories?post=440841"},{"taxonomy":"post_tag","embeddable":true,"href":"http:\/\/desarrollo.grupomedios.com\/futbol\/wp-json\/wp\/v2\/tags?post=440841"}],"curies":[{"name":"wp","href":"https:\/\/api.w.org\/{rel}","templated":true}]}}