{"id":440990,"date":"2016-11-05T22:56:06","date_gmt":"2016-11-06T04:56:06","guid":{"rendered":"https:\/\/www.futboltotal.com.mx\/?p=440990"},"modified":"2016-11-05T22:58:57","modified_gmt":"2016-11-06T04:58:57","slug":"resultados-liga-mx-necaxa-3-1-puebla","status":"publish","type":"post","link":"http:\/\/desarrollo.grupomedios.com\/futbol\/destacado-home\/resultados-liga-mx-necaxa-3-1-puebla\/2016\/11","title":{"rendered":"\u00bfDescenso? Necaxa acaricia la calificaci\u00f3n"},"content":{"rendered":"<p><strong>Necaxa<\/strong> mantiene el torneo de ensue\u00f1o, porque venci\u00f3 3-1 al <strong>Puebla<\/strong> en la <strong>jornada 16 del Apertura 2016 <\/strong>y consigui\u00f3 meterse en zona de calificaci\u00f3n, con lo que depende de s\u00ed mismo para avanzar en la justa.<\/p>\n<blockquote class=\"twitter-tweet\" data-width=\"500\">\n<p lang=\"es\" dir=\"ltr\">\u00a1Termina el partido! \u00a1Gran triunfo de nuestro equipo! <a href=\"https:\/\/twitter.com\/hashtag\/UnidosNadaNosDetiene?src=hash\">#UnidosNadaNosDetiene<\/a> <a href=\"https:\/\/t.co\/jHb132kx5N\">pic.twitter.com\/jHb132kx5N<\/a><\/p>\n<p>&mdash; Club Necaxa (@ClubNecaxa) <a href=\"https:\/\/twitter.com\/ClubNecaxa\/status\/795126393390661632\">November 6, 2016<\/a><\/p><\/blockquote>\n<p><script async src=\"\/\/platform.twitter.com\/widgets.js\" charset=\"utf-8\"><\/script><\/p>\n<p>En el Estadio Victoria se sent\u00eda un aire de esperanza por afianzarse en zona de calificaci\u00f3n, misma que se dispar\u00f3 gracias al golazo de Jes\u00fas Isijara (31\u2019). El dominio local fue abrumador, al grado que consigui\u00f3 un penal, pero Edson Puch sucumbi\u00f3 frente a Cristian Campestrini que ataj\u00f3 el disparo (37\u2019).<\/p>\n<p style=\"text-align: center;\"><span style=\"color: #3366ff;\"><a style=\"color: #3366ff;\" href=\"https:\/\/www.futboltotal.com.mx\/2016\/11\/en-vivo-necaxa-vs-puebla-liga-mx\/\" target=\"_blank\"><strong>LEER M\u00c1S: As\u00ed se vivi\u00f3 el Necaxa vs Puebla<\/strong><\/a><\/span><\/p>\n<p>Para la segunda parte, los clubes salieron con una postura m\u00e1s recatada, pero los Rayos fueron los m\u00e1s peligrosos aunque fueron los <em>Camoteros<\/em> los que consiguieron el empate gracias a Jer\u00f3nimo Amione (70\u2019), pero el gusto les dur\u00f3 poco, ya que Marcos Gonz\u00e1lez puso el 2-1 (74\u2019).<\/p>\n<p><iframe loading=\"lazy\" src=\"https:\/\/www.youtube.com\/embed\/SuMGhRlv2rM?feature=oembed\" frameborder=\"0\" allowfullscreen><\/iframe><\/p>\n<p>En la recta final del partido, Puch sac\u00f3 el disparo que ataj\u00f3 el defensa Robert Herrera que cometi\u00f3 el penal, se gan\u00f3 la roja y al final el chileno la cobr\u00f3 a lo panenka (90\u2019). De esta forma, la escuadra <em>rojiblanca<\/em> se subi\u00f3 al sexto escal\u00f3n con 25 puntos, mientras que la Franja se despidi\u00f3 virtualmente al estar en el escal\u00f3n 11 con 20 unidades y una diferencia de menos dos goles.<\/p>\n<p><strong>S\u00edguenos en Twitter<\/strong>:\u00a0<a href=\"https:\/\/twitter.com\/MXFutbolTotal\">@MXFutbolTotal<\/a><\/p>\n","protected":false},"excerpt":{"rendered":"<p>Los Rayos vencieron 3-1 al Puebla <\/p>\n","protected":false},"author":20,"featured_media":440992,"comment_status":"closed","ping_status":"closed","sticky":false,"template":"","format":"standard","meta":[],"categories":[5,2198,3845],"tags":[261,5969],"_links":{"self":[{"href":"http:\/\/desarrollo.grupomedios.com\/futbol\/wp-json\/wp\/v2\/posts\/440990"}],"collection":[{"href":"http:\/\/desarrollo.grupomedios.com\/futbol\/wp-json\/wp\/v2\/posts"}],"about":[{"href":"http:\/\/desarrollo.grupomedios.com\/futbol\/wp-json\/wp\/v2\/types\/post"}],"author":[{"embeddable":true,"href":"http:\/\/desarrollo.grupomedios.com\/futbol\/wp-json\/wp\/v2\/users\/20"}],"replies":[{"embeddable":true,"href":"http:\/\/desarrollo.grupomedios.com\/futbol\/wp-json\/wp\/v2\/comments?post=440990"}],"version-history":[{"count":0,"href":"http:\/\/desarrollo.grupomedios.com\/futbol\/wp-json\/wp\/v2\/posts\/440990\/revisions"}],"wp:featuredmedia":[{"embeddable":true,"href":"http:\/\/desarrollo.grupomedios.com\/futbol\/wp-json\/wp\/v2\/media\/440992"}],"wp:attachment":[{"href":"http:\/\/desarrollo.grupomedios.com\/futbol\/wp-json\/wp\/v2\/media?parent=440990"}],"wp:term":[{"taxonomy":"category","embeddable":true,"href":"http:\/\/desarrollo.grupomedios.com\/futbol\/wp-json\/wp\/v2\/categories?post=440990"},{"taxonomy":"post_tag","embeddable":true,"href":"http:\/\/desarrollo.grupomedios.com\/futbol\/wp-json\/wp\/v2\/tags?post=440990"}],"curies":[{"name":"wp","href":"https:\/\/api.w.org\/{rel}","templated":true}]}}