{"id":441013,"date":"2016-11-06T10:52:00","date_gmt":"2016-11-06T16:52:00","guid":{"rendered":"https:\/\/www.futboltotal.com.mx\/?p=441013"},"modified":"2016-11-06T10:52:00","modified_gmt":"2016-11-06T16:52:00","slug":"don-carlos-vela-roba-portada","status":"publish","type":"post","link":"http:\/\/desarrollo.grupomedios.com\/futbol\/futbol-internacional\/don-carlos-vela-roba-portada\/2016\/11","title":{"rendered":"\u00a1Don Carlos Vela roba portada!"},"content":{"rendered":"<p>Volvi\u00f3 el <strong>Carlos Vela<\/strong> de siempre, el delantero desequilibrante que apenas tiene la pelota, toca, desborda y busca el gol. En la victoria ante Atl\u00e9tico de Madrid, el mexicano disput\u00f3, sin duda, su mejor partido en lo que va de la temporada. Dej\u00f3 huella e hizo un gol. La prensa de Espa\u00f1a lo reconoce y lo coloca en una de las tapas de este domingo.<\/p>\n<p>&#8220;Soberbio partido de los txuri urdin, que pasan por encima el Atl\u00e9tico y suman su tercer triunfo consecutivo&#8221;, apunta el diario <em>Mundo Deportivo<\/em> en su edici\u00f3n de Gipuzkoa. &#8220;<strong>Carlos Vela<\/strong> y Willian Jos\u00e9 firman una victoria que deja a los de Eusebio a dos puntos de la Champions&#8221;, agrega.<\/p>\n<p style=\"text-align: center;\"><span style=\"color: #3366ff;\"><strong>LEER M\u00c1S: Todas las noticias de mexicanos en Europa<\/strong><\/span><\/p>\n<p style=\"text-align: center;\"><a href=\"https:\/\/www.futboltotal.com.mx\/wp-content\/uploads\/2016\/11\/Portada-de-CArlos-Vela.jpg\"><img decoding=\"async\" loading=\"lazy\" class=\"alignnone size-full wp-image-441014\" src=\"https:\/\/www.futboltotal.com.mx\/wp-content\/uploads\/2016\/11\/Portada-de-CArlos-Vela.jpg\" alt=\"portada-de-carlos-vela\" srcset=\"http:\/\/desarrollo.grupomedios.com\/futbol\/wp-content\/uploads\/2016\/11\/Portada-de-CArlos-Vela.jpg 750w, http:\/\/desarrollo.grupomedios.com\/futbol\/wp-content\/uploads\/2016\/11\/Portada-de-CArlos-Vela-244x300.jpg 244w\" sizes=\"(max-width: 750px) 100vw, 750px\" \/><\/a><\/p>\n<p>Vela\u00a0luci\u00f3 en\u00a0calidad de extremo derecho, demostrando que el regate y el disparo con la zurda son su carta de presentaci\u00f3n. Desde una de las bandas fue como recort\u00f3 rivales y logr\u00f3 pisar al \u00e1rea provocando un penal que convirti\u00f3 en gol, y desde la misma zona hizo una jugada que pudo acabar en un golazo: lleg\u00f3 a linea de fondo, enganch\u00f3 al centro buscando espacio y sac\u00f3 un zurdazo que hizo volar a Jan Oblak.<\/p>\n<p>Como en los viejos tiempos, Vela parece que vuelve a su mejor versi\u00f3n.\u00a0Este es el Carlos Vela que vuelve a la Selecci\u00f3n Mexicana y el que quiz\u00e1 juegue en la misma posici\u00f3n para brillar como lo hizo ante Atl\u00e9tico.<\/p>\n","protected":false},"excerpt":{"rendered":"<p>En Espa\u00f1a elogian al mexicano tras el partidazo que dio ante Atl\u00e9tico<\/p>\n","protected":false},"author":20,"featured_media":441015,"comment_status":"closed","ping_status":"closed","sticky":false,"template":"","format":"standard","meta":[],"categories":[3839,3844,6718,5951],"tags":[6048],"_links":{"self":[{"href":"http:\/\/desarrollo.grupomedios.com\/futbol\/wp-json\/wp\/v2\/posts\/441013"}],"collection":[{"href":"http:\/\/desarrollo.grupomedios.com\/futbol\/wp-json\/wp\/v2\/posts"}],"about":[{"href":"http:\/\/desarrollo.grupomedios.com\/futbol\/wp-json\/wp\/v2\/types\/post"}],"author":[{"embeddable":true,"href":"http:\/\/desarrollo.grupomedios.com\/futbol\/wp-json\/wp\/v2\/users\/20"}],"replies":[{"embeddable":true,"href":"http:\/\/desarrollo.grupomedios.com\/futbol\/wp-json\/wp\/v2\/comments?post=441013"}],"version-history":[{"count":0,"href":"http:\/\/desarrollo.grupomedios.com\/futbol\/wp-json\/wp\/v2\/posts\/441013\/revisions"}],"wp:featuredmedia":[{"embeddable":true,"href":"http:\/\/desarrollo.grupomedios.com\/futbol\/wp-json\/wp\/v2\/media\/441015"}],"wp:attachment":[{"href":"http:\/\/desarrollo.grupomedios.com\/futbol\/wp-json\/wp\/v2\/media?parent=441013"}],"wp:term":[{"taxonomy":"category","embeddable":true,"href":"http:\/\/desarrollo.grupomedios.com\/futbol\/wp-json\/wp\/v2\/categories?post=441013"},{"taxonomy":"post_tag","embeddable":true,"href":"http:\/\/desarrollo.grupomedios.com\/futbol\/wp-json\/wp\/v2\/tags?post=441013"}],"curies":[{"name":"wp","href":"https:\/\/api.w.org\/{rel}","templated":true}]}}