{"id":441206,"date":"2016-11-06T21:24:11","date_gmt":"2016-11-07T03:24:11","guid":{"rendered":"https:\/\/www.futboltotal.com.mx\/?p=441206"},"modified":"2016-11-06T21:24:11","modified_gmt":"2016-11-07T03:24:11","slug":"veracruz-el-nuevo-colero-porcentual","status":"publish","type":"post","link":"http:\/\/desarrollo.grupomedios.com\/futbol\/destacado-home\/veracruz-el-nuevo-colero-porcentual\/2016\/11","title":{"rendered":"Veracruz, el nuevo colero porcentual"},"content":{"rendered":"<p>La jornada 16 del Apertura 2016 dej\u00f3 a dos nuevos calificados a la Liguilla, se trata de Am\u00e9rica y Chivas que podr\u00edan disputar dos nuevos Cl\u00e1sicos Nacionales si terminan en la posici\u00f3n que ocupan actualmente; pero la pen\u00faltima fecha tambi\u00e9n result\u00f3 con cambios en la tabla porcentual, pues <a href=\"http:\/\/futboltotal.com.mx\/equipos\/morelia\/\" target=\"_blank\">Morelia<\/a> abandon\u00f3 el \u00faltimo escal\u00f3n y apunta a escalar otro pelda\u00f1o.<\/p>\n<p><a href=\"http:\/\/futboltotal.com.mx\/equipos\/veracruz\/\" target=\"_blank\">Veracruz<\/a> es el nuevo colero de la tabla porcentual, tras haber sido superado por el <strong>Morelia<\/strong>, que empat\u00f3 con Pumas en Ciudad Universitaria; punto suficiente para rebasar al <em>Tibur\u00f3n<\/em>; adem\u00e1s, Monarcas est\u00e1 a tan solo un punto de <a href=\"http:\/\/futboltotal.com.mx\/equipos\/chiapas\/\" target=\"_blank\">Chiapas<\/a>, por lo que en la \u00faltima fecha podr\u00eda superarlos tambi\u00e9n.<\/p>\n<p style=\"text-align: center;\"><span style=\"color: #3366ff;\"><a style=\"color: #3366ff;\" href=\"https:\/\/www.futboltotal.com.mx\/2016\/11\/chivas-america-sellan-pase-a-liguilla-en-penultima-jornada\/\" target=\"_blank\"><strong>LEER M\u00c1S: Resumen de la jornada 16<\/strong><\/a><\/span><\/p>\n<p>Cabe destacar que tanto <strong>Veracruz<\/strong> como <strong>Chiapas<\/strong>, tiene tanto problemas deportivos como institucionales, pues el <em>Jaguar<\/em> contin\u00faa con adeudos a sus jugadores mientras que los <em>Tiburones Rojos<\/em> sufren porque su due\u00f1o quiere moverlos de sede por pretensiones pol\u00edticas personales.<\/p>\n<p><a href=\"https:\/\/www.futboltotal.com.mx\/wp-content\/uploads\/2016\/11\/TABLA-PORCENTUAL-JORNADA-16-APERTURA-2016.jpg\"><img decoding=\"async\" loading=\"lazy\" class=\"alignnone size-full wp-image-441208\" src=\"https:\/\/www.futboltotal.com.mx\/wp-content\/uploads\/2016\/11\/TABLA-PORCENTUAL-JORNADA-16-APERTURA-2016.jpg\" alt=\"tabla-porcentual-jornada-16-apertura-2016\" srcset=\"http:\/\/desarrollo.grupomedios.com\/futbol\/wp-content\/uploads\/2016\/11\/TABLA-PORCENTUAL-JORNADA-16-APERTURA-2016.jpg 858w, http:\/\/desarrollo.grupomedios.com\/futbol\/wp-content\/uploads\/2016\/11\/TABLA-PORCENTUAL-JORNADA-16-APERTURA-2016-300x151.jpg 300w, http:\/\/desarrollo.grupomedios.com\/futbol\/wp-content\/uploads\/2016\/11\/TABLA-PORCENTUAL-JORNADA-16-APERTURA-2016-768x386.jpg 768w, http:\/\/desarrollo.grupomedios.com\/futbol\/wp-content\/uploads\/2016\/11\/TABLA-PORCENTUAL-JORNADA-16-APERTURA-2016-340x171.jpg 340w\" sizes=\"(max-width: 858px) 100vw, 858px\" \/><\/a><\/p>\n","protected":false},"excerpt":{"rendered":"<p>Termina la jornada y los Tiburones adolecen en cocientes<\/p>\n","protected":false},"author":20,"featured_media":441209,"comment_status":"closed","ping_status":"closed","sticky":false,"template":"","format":"standard","meta":[],"categories":[5,2198,3845],"tags":[5964,5967,6049],"_links":{"self":[{"href":"http:\/\/desarrollo.grupomedios.com\/futbol\/wp-json\/wp\/v2\/posts\/441206"}],"collection":[{"href":"http:\/\/desarrollo.grupomedios.com\/futbol\/wp-json\/wp\/v2\/posts"}],"about":[{"href":"http:\/\/desarrollo.grupomedios.com\/futbol\/wp-json\/wp\/v2\/types\/post"}],"author":[{"embeddable":true,"href":"http:\/\/desarrollo.grupomedios.com\/futbol\/wp-json\/wp\/v2\/users\/20"}],"replies":[{"embeddable":true,"href":"http:\/\/desarrollo.grupomedios.com\/futbol\/wp-json\/wp\/v2\/comments?post=441206"}],"version-history":[{"count":0,"href":"http:\/\/desarrollo.grupomedios.com\/futbol\/wp-json\/wp\/v2\/posts\/441206\/revisions"}],"wp:featuredmedia":[{"embeddable":true,"href":"http:\/\/desarrollo.grupomedios.com\/futbol\/wp-json\/wp\/v2\/media\/441209"}],"wp:attachment":[{"href":"http:\/\/desarrollo.grupomedios.com\/futbol\/wp-json\/wp\/v2\/media?parent=441206"}],"wp:term":[{"taxonomy":"category","embeddable":true,"href":"http:\/\/desarrollo.grupomedios.com\/futbol\/wp-json\/wp\/v2\/categories?post=441206"},{"taxonomy":"post_tag","embeddable":true,"href":"http:\/\/desarrollo.grupomedios.com\/futbol\/wp-json\/wp\/v2\/tags?post=441206"}],"curies":[{"name":"wp","href":"https:\/\/api.w.org\/{rel}","templated":true}]}}