{"id":441223,"date":"2016-11-07T09:59:09","date_gmt":"2016-11-07T15:59:09","guid":{"rendered":"https:\/\/www.futboltotal.com.mx\/?p=441223"},"modified":"2016-11-07T14:23:24","modified_gmt":"2016-11-07T20:23:24","slug":"cristiano-sucesor-los-gigantes-madridistas-florentino-perez","status":"publish","type":"post","link":"http:\/\/desarrollo.grupomedios.com\/futbol\/uncategorized\/cristiano-sucesor-los-gigantes-madridistas-florentino-perez\/2016\/11","title":{"rendered":"Cristiano renueva contrato con el Real Madrid"},"content":{"rendered":"<p><strong>Cristiano Ronaldo<\/strong> y <strong>Florentino P\u00e9rez<\/strong> se lanzaron loas hoy cuando el delantero luso firm\u00f3 una ampliaci\u00f3n de contrato con el Real Madrid hasta el a\u00f1o 2021.<em> CR7,<\/em> en su discurso efectuado en el Palco de Honor del Estadio Santiago Bernab\u00e9u, se\u00f1al\u00f3: &#8220;Este es el mejor club del mundo y una cosa que tengo que decir, que para m\u00ed es lo m\u00e1s importante. El futbol no tiene memoria, pero t\u00fa (Florentino P\u00e9rez) tienes memoria y el Madrid tiene memoria. Quiero seguir haciendo historia y en los pr\u00f3ximos cinco a\u00f1os voy a hacer lo mismo que antes&#8221;.<\/p>\n<p>Las ovaciones de <strong>Cristiano Ronaldo<\/strong> continuaron hacia el Real Madrid: &#8220;Es el club que est\u00e1 en mi coraz\u00f3n, es mi casa, y es un momento \u00fanico. Renovar cinco a\u00f1os m\u00e1s&#8221;. Y con \u00e9nfasis dijo: &#8220;No es mi \u00faltimo contrato, que quede claro&#8221;.<\/p>\n<p style=\"text-align: center;\"><a href=\"https:\/\/www.futboltotal.com.mx\/2016\/11\/robin-van-persie-en-riesgo-perder-ojo\/\"><span style=\"color: #3366ff;\">LEER M\u00c1S: Robin Van Persie, en riesgo de perder un ojo<\/span><\/a><\/p>\n<blockquote class=\"twitter-tweet\" data-lang=\"es\">\n<p dir=\"ltr\" lang=\"es\">&#x1f4ab;&#x1f455;&#x1f4da; <a href=\"https:\/\/twitter.com\/hashtag\/Cristiano2021?src=hash\">#Cristiano2021<\/a> <a href=\"https:\/\/twitter.com\/Cristiano\">@Cristiano<\/a>: \u201cQuiero seguir haciendo historia con esta camiseta\u201d.<\/p>\n<p>&#x1f449; <a href=\"https:\/\/t.co\/u0XmjrzudC\">https:\/\/t.co\/u0XmjrzudC<\/a> &#x1f4f0;&#x1f4f8;<a href=\"https:\/\/twitter.com\/hashtag\/HalaMadrid?src=hash\">#HalaMadrid<\/a> <a href=\"https:\/\/t.co\/zYb1lBUwOB\">pic.twitter.com\/zYb1lBUwOB<\/a><\/p>\n<p>\u2014 Real Madrid C. F. (@realmadrid) <a href=\"https:\/\/twitter.com\/realmadrid\/status\/795641968940478464\">7 de noviembre de 2016<\/a><\/p><\/blockquote>\n<p><script async src=\"\/\/platform.twitter.com\/widgets.js\" charset=\"utf-8\"><\/script><br \/>\nEn su discurso, el extremo luso sobrepuso su renovaci\u00f3n de contrato por encima de la racha de pocos goles en la que ha ca\u00eddo: de los \u00faltimos cinco partidos que ha disputado, solo le ha anotado al Alav\u00e9s (aunque le hizo tres): &#8220;No es tan importante no marcar como ustedes piensan. Una persona que est\u00e1 acostumbrado a marcar cuando no marca, puede tener un baj\u00f3n, pero no pasa nada, es parte de la vida&#8221;. Y reiter\u00f3: &#8220;Es el mejor momento de mi vida&#8221;.<\/p>\n<p>En tanto el presidente del Real Madrid se\u00f1al\u00f3 que las razones por las cuales se le renov\u00f3 el contrato al delantero luso fueron por sus ganas de superaci\u00f3n, porque no se rinde, porque siempre quiere m\u00e1s y por sus goles infinitos. Y esperanzado redonde\u00f3: &#8220;Vendr\u00e1n m\u00e1s t\u00edtulos, tu palmar\u00e9s seguir\u00e1 creciendo y como ocurri\u00f3 como nuestros grandes h\u00e9roes, habr\u00e1 un antes y un despu\u00e9s con <strong>Cristiano Ronaldo<\/strong>&#8220;.<\/p>\n<p style=\"text-align: center;\"><a href=\"https:\/\/www.futboltotal.com.mx\/2016\/11\/los-elegidos-jurgen-klinsmann-enfrentar-al-tri\/\"><span style=\"color: #3366ff;\">LEER M\u00c1S: Los elegidos de Klinsmann para enfrentar al TRI<\/span><\/a><\/p>\n<p>Sobre los grandes h\u00e9roes del madridismo, Florentino puso como ejemplo a Alfredo di St\u00e9fano y Francisco Gento, de quienes dijo fueron dos jugadores que marcaron el camino madridista, &#8220;quines estar\u00edan orgullosos de contar con el mejor heredero (CR7) de la dinast\u00eda de la historia del futbol&#8221;. Y con enfasis dijo: &#8220;<strong>Cristiano<\/strong>, te has convertido en el gran sucesor de aquellos gigantes. Tu trayectoria est\u00e1 marcando \u00e9poca. Perteneces a las ilusiones de todas las culturas y nacionalidades. Eres un icono del club de las 11 Copas de Europa. Eres el s\u00edmbolo del mejor club de la historia del futbol&#8221;, declar\u00f3.<\/p>\n<p>https:\/\/twitter.com\/realmadrid\/status\/795619980905693186<\/p>\n<p>P\u00e9rez record\u00f3 con n\u00fameros todos los t\u00edtulos que ha conseguido Cristiano con el Real Madrid, entre los que destacan dos Ligas de Campeones, 1 Liga y 2 Copas del Rey, y ensalz\u00f3 sus trofeos individuales: &#8220;Eres una leyenda del madridismo porque te has convertido en el m\u00e1ximo goleador de la historia del Real Madrid, en el m\u00e1ximo goleador de la historia de la Copa de Europa, tienes tres Balones de Oro, cuatro Botas de Oro, tres <em>Pichichis<\/em>, y as\u00ed podemos seguir citando numeros que hacen un jugador \u00fanico e inigualable&#8221;, concluy\u00f3 Florentino, quien confi\u00f3 en que su figura gane su cuarto Bal\u00f3n de Oro de su carrera.<\/p>\n<p>&nbsp;<\/p>\n","protected":false},"excerpt":{"rendered":"<p>CR7 firm\u00f3 hasta 2021 y afirm\u00f3 que quiere jugar hasta los 41 a\u00f1os<\/p>\n","protected":false},"author":127,"featured_media":441275,"comment_status":"closed","ping_status":"closed","sticky":false,"template":"","format":"standard","meta":[],"categories":[3841,5,3839,3844,5951,1],"tags":[6013,491,5988],"_links":{"self":[{"href":"http:\/\/desarrollo.grupomedios.com\/futbol\/wp-json\/wp\/v2\/posts\/441223"}],"collection":[{"href":"http:\/\/desarrollo.grupomedios.com\/futbol\/wp-json\/wp\/v2\/posts"}],"about":[{"href":"http:\/\/desarrollo.grupomedios.com\/futbol\/wp-json\/wp\/v2\/types\/post"}],"author":[{"embeddable":true,"href":"http:\/\/desarrollo.grupomedios.com\/futbol\/wp-json\/wp\/v2\/users\/127"}],"replies":[{"embeddable":true,"href":"http:\/\/desarrollo.grupomedios.com\/futbol\/wp-json\/wp\/v2\/comments?post=441223"}],"version-history":[{"count":0,"href":"http:\/\/desarrollo.grupomedios.com\/futbol\/wp-json\/wp\/v2\/posts\/441223\/revisions"}],"wp:featuredmedia":[{"embeddable":true,"href":"http:\/\/desarrollo.grupomedios.com\/futbol\/wp-json\/wp\/v2\/media\/441275"}],"wp:attachment":[{"href":"http:\/\/desarrollo.grupomedios.com\/futbol\/wp-json\/wp\/v2\/media?parent=441223"}],"wp:term":[{"taxonomy":"category","embeddable":true,"href":"http:\/\/desarrollo.grupomedios.com\/futbol\/wp-json\/wp\/v2\/categories?post=441223"},{"taxonomy":"post_tag","embeddable":true,"href":"http:\/\/desarrollo.grupomedios.com\/futbol\/wp-json\/wp\/v2\/tags?post=441223"}],"curies":[{"name":"wp","href":"https:\/\/api.w.org\/{rel}","templated":true}]}}