{"id":441234,"date":"2016-11-07T10:40:16","date_gmt":"2016-11-07T16:40:16","guid":{"rendered":"https:\/\/www.futboltotal.com.mx\/?p=441234"},"modified":"2016-11-07T10:44:04","modified_gmt":"2016-11-07T16:44:04","slug":"chicharito-ignora-a-comentarista-deportivo","status":"publish","type":"post","link":"http:\/\/desarrollo.grupomedios.com\/futbol\/videos\/chicharito-ignora-a-comentarista-deportivo\/2016\/11","title":{"rendered":"Chicharito ignora a comentarista deportivo"},"content":{"rendered":"<p>Tras llegar a Columbus, para concentrarse con la <a href=\"http:\/\/www.futboltotal.com.mx\/futbol-mexicano\/seleccion-mexicana\/\" target=\"_blank\">Selecci\u00f3n Mexicana<\/a> de cara al duelo contra Estados Unidos, <strong>Chicharito<\/strong> ignor\u00f3 a los medios de comunicaci\u00f3n, y esta vez no distingui\u00f3 en su desd\u00e9n, pues al estar en el hotel, se le acerc\u00f3 el comentarista <strong>Rub\u00e9n Rodr\u00edguez<\/strong> a quien tuvo tan cerca y a\u00fan as\u00ed decidi\u00f3 no dirigirle ni una palabra.<\/p>\n<p>El comentarista de <em>Fox Sports<\/em> grab\u00f3 la escena en video, donde se nota c\u00f3mo <strong>Chicharito<\/strong> no s\u00f3lo est\u00e1 enemistado con <em>ESPN<\/em>, principal medio al que ha negado entrevistas. El rechazo de Javier Hern\u00e1ndez hacia la prensa ha sido notorio en el \u00faltimo a\u00f1o, pero es especialmente hacia las televisoras de transmisi\u00f3n restringida; \u00fanicamente <em>Televisa<\/em>, a trav\u00e9s de <em>Univisi\u00f3n<\/em>, ha tenido al delantero en exclusiva.<\/p>\n<p style=\"text-align: center;\"><span style=\"color: #3366ff;\"><a style=\"color: #3366ff;\" href=\"https:\/\/www.futboltotal.com.mx\/2016\/11\/bayer-leverkusen-triunfa-sin-gol-chicharito\/\" target=\"_blank\"><strong>LEER M\u00c1S: Chicharito no anota desde hace un mes, pero Bayer triunfa<\/strong><\/a><\/span><\/p>\n<p>https:\/\/twitter.com\/ruubenrod\/status\/795472441946624000<\/p>\n","protected":false},"excerpt":{"rendered":"<p>Javier Hern\u00e1ndez sigue enojado con la prensa<\/p>\n","protected":false},"author":20,"featured_media":441235,"comment_status":"closed","ping_status":"closed","sticky":false,"template":"","format":"standard","meta":[],"categories":[5419,2198,7536,3847,4,6433],"tags":[5460,1490],"_links":{"self":[{"href":"http:\/\/desarrollo.grupomedios.com\/futbol\/wp-json\/wp\/v2\/posts\/441234"}],"collection":[{"href":"http:\/\/desarrollo.grupomedios.com\/futbol\/wp-json\/wp\/v2\/posts"}],"about":[{"href":"http:\/\/desarrollo.grupomedios.com\/futbol\/wp-json\/wp\/v2\/types\/post"}],"author":[{"embeddable":true,"href":"http:\/\/desarrollo.grupomedios.com\/futbol\/wp-json\/wp\/v2\/users\/20"}],"replies":[{"embeddable":true,"href":"http:\/\/desarrollo.grupomedios.com\/futbol\/wp-json\/wp\/v2\/comments?post=441234"}],"version-history":[{"count":0,"href":"http:\/\/desarrollo.grupomedios.com\/futbol\/wp-json\/wp\/v2\/posts\/441234\/revisions"}],"wp:featuredmedia":[{"embeddable":true,"href":"http:\/\/desarrollo.grupomedios.com\/futbol\/wp-json\/wp\/v2\/media\/441235"}],"wp:attachment":[{"href":"http:\/\/desarrollo.grupomedios.com\/futbol\/wp-json\/wp\/v2\/media?parent=441234"}],"wp:term":[{"taxonomy":"category","embeddable":true,"href":"http:\/\/desarrollo.grupomedios.com\/futbol\/wp-json\/wp\/v2\/categories?post=441234"},{"taxonomy":"post_tag","embeddable":true,"href":"http:\/\/desarrollo.grupomedios.com\/futbol\/wp-json\/wp\/v2\/tags?post=441234"}],"curies":[{"name":"wp","href":"https:\/\/api.w.org\/{rel}","templated":true}]}}