{"id":441240,"date":"2016-11-07T11:11:18","date_gmt":"2016-11-07T17:11:18","guid":{"rendered":"https:\/\/www.futboltotal.com.mx\/?p=441240"},"modified":"2016-11-07T11:11:40","modified_gmt":"2016-11-07T17:11:40","slug":"los-mejores-goles-la-jornada-16-apertura-2016","status":"publish","type":"post","link":"http:\/\/desarrollo.grupomedios.com\/futbol\/videos\/los-mejores-goles-la-jornada-16-apertura-2016\/2016\/11","title":{"rendered":"Los mejores goles de la jornada 16 | Apertura 2016"},"content":{"rendered":"<p>La <strong>jornada 16 del Apertura 2016<\/strong> cerr\u00f3 con dos calificados m\u00e1s a la Liguilla, por lo que s\u00f3lo restan tres boletos para tener <em>Fiest<\/em>a completa; pero lo m\u00e1s sobresaliente de la pen\u00faltima fecha fueron los goles, que tuvieron un alto grado de dificultad y as\u00ed las recuenta la Liga MX.<\/p>\n<p style=\"text-align: center;\"><span style=\"color: #3366ff;\"><a style=\"color: #3366ff;\" href=\"https:\/\/www.futboltotal.com.mx\/2016\/11\/11-ideal-la-jornada-16-apertura-2016\/\" target=\"_blank\"><strong>LEER M\u00c1S: El 11 ideal de la jornada 16<\/strong><\/a><\/span><\/p>\n<p><iframe loading=\"lazy\" src=\"https:\/\/www.youtube.com\/embed\/75ZbThm3ZYg\" frameborder=\"0\" allowfullscreen=\"allowfullscreen\"><\/iframe><\/p>\n<p>Fuente: Youtube Canal: Liga MX<\/p>\n","protected":false},"excerpt":{"rendered":"<p>La pen\u00faltima fecha registr\u00f3 anotaciones sensacionales<\/p>\n","protected":false},"author":20,"featured_media":441241,"comment_status":"closed","ping_status":"closed","sticky":false,"template":"","format":"standard","meta":[],"categories":[2198,6384,3845,4],"tags":[6927,6185],"_links":{"self":[{"href":"http:\/\/desarrollo.grupomedios.com\/futbol\/wp-json\/wp\/v2\/posts\/441240"}],"collection":[{"href":"http:\/\/desarrollo.grupomedios.com\/futbol\/wp-json\/wp\/v2\/posts"}],"about":[{"href":"http:\/\/desarrollo.grupomedios.com\/futbol\/wp-json\/wp\/v2\/types\/post"}],"author":[{"embeddable":true,"href":"http:\/\/desarrollo.grupomedios.com\/futbol\/wp-json\/wp\/v2\/users\/20"}],"replies":[{"embeddable":true,"href":"http:\/\/desarrollo.grupomedios.com\/futbol\/wp-json\/wp\/v2\/comments?post=441240"}],"version-history":[{"count":0,"href":"http:\/\/desarrollo.grupomedios.com\/futbol\/wp-json\/wp\/v2\/posts\/441240\/revisions"}],"wp:featuredmedia":[{"embeddable":true,"href":"http:\/\/desarrollo.grupomedios.com\/futbol\/wp-json\/wp\/v2\/media\/441241"}],"wp:attachment":[{"href":"http:\/\/desarrollo.grupomedios.com\/futbol\/wp-json\/wp\/v2\/media?parent=441240"}],"wp:term":[{"taxonomy":"category","embeddable":true,"href":"http:\/\/desarrollo.grupomedios.com\/futbol\/wp-json\/wp\/v2\/categories?post=441240"},{"taxonomy":"post_tag","embeddable":true,"href":"http:\/\/desarrollo.grupomedios.com\/futbol\/wp-json\/wp\/v2\/tags?post=441240"}],"curies":[{"name":"wp","href":"https:\/\/api.w.org\/{rel}","templated":true}]}}