{"id":441328,"date":"2016-11-08T09:05:06","date_gmt":"2016-11-08T15:05:06","guid":{"rendered":"https:\/\/www.futboltotal.com.mx\/?p=441328"},"modified":"2016-11-08T09:05:37","modified_gmt":"2016-11-08T15:05:37","slug":"este-mejor-equipo-mexico-ha-tenido-jorge-campos","status":"publish","type":"post","link":"http:\/\/desarrollo.grupomedios.com\/futbol\/destacado-home\/este-mejor-equipo-mexico-ha-tenido-jorge-campos\/2016\/11","title":{"rendered":"\u00c9ste es el mejor equipo que M\u00e9xico ha tenido: Campos"},"content":{"rendered":"<p>Previo al partido en el que<strong> M\u00e9xico<\/strong> arrancar\u00e1 el Hexagonal Final de la Concacaf contra Estados Unidos, el ex portero mexicano, Jorge Campos, asegur\u00f3 que el\u00a0<em>Tricolor\u00a0<\/em>tiene a uno de los mejores equipos de la historia y confi\u00f3 en un buen resultado para la <span style=\"color: #ff0000;\"><a style=\"color: #ff0000;\" href=\"https:\/\/www.futboltotal.com.mx\/futbol-mexicano\/seleccion-mexicana\/\">Selecci\u00f3n Mexicana<\/a><\/span>.<\/p>\n<p>En el evento de <em>Nike Total Football<\/em>, marca a la que Campos pertenece desde hace m\u00e1s de 20 a\u00f1os y donde fue invitado, el acapulque\u00f1o aprovech\u00f3 para hablar del partido del pr\u00f3ximo 11 de noviembre en Columbus.<\/p>\n<blockquote><p>&#8220;Yo no recuerdo que hayamos tenido un equipo as\u00ed, con tantos jugadores buenos y todos jugando en Europa. Creo que esta vez no vamos a perder, no garantizo el triunfo pero conf\u00edo en que no seremos derrotados&#8221;, asegur\u00f3.<\/p><\/blockquote>\n<p>Respecto a los porteros que deben ser titular en el juego de <strong>M\u00e9xico<\/strong> contra Estados Unidos, Campos asegur\u00f3 que cualquiera que lo haga tendr\u00e1 un buen trabajo, ya que para \u00e9l, el portero no es un problema que se tenga en el pa\u00eds.<\/p>\n<blockquote><p>&#8220;\u00bfCu\u00e1ndo hemos tenido problema con los porteros? Los que han ido a los Mundiales lo han hecho bien: Carbajal, yo (Campos), \u00d3scar P\u00e9rez, Oswaldo S\u00e1nchez y en el \u00faltimo Guillermo Ochoa. Todos lo han hecho perfecto, en <strong>M\u00e9xico<\/strong> tenemos f\u00e1brica de porteros&#8221;, dijo el Mundialista en 1994 y 1998.<\/p><\/blockquote>\n<p>Adem\u00e1s, Campos tambi\u00e9n habl\u00f3 del proceso de Juan Carlos Osorio con el\u00a0<em>Tricolor<\/em> y lo defendi\u00f3 por todas las cr\u00edticas que ha recibido por sus rotaciones. &#8220;\u00c9l es el \u00fanico que sabe por qu\u00e9 juegan. Los tiene en la semana y habla con ellos para saber c\u00f3mo est\u00e1n y nosotros no, solo lo cuestionamos&#8221;, coment\u00f3<\/p>\n<p style=\"text-align: center;\"><span style=\"color: #3366ff;\"><a style=\"color: #3366ff;\" href=\"https:\/\/www.futboltotal.com.mx\/2016\/11\/osorio-no-teme-por-su-cargo-en-el-tri\/\">LEER M\u00c1S: Osorio no teme por su cargo en el Tri<\/a><\/span><\/p>\n<p>Campos, quien actualmente funge como comentarista, habl\u00f3 sobre la confianza que se debe tener en el colombiano debido a los resultados que ha entregado y pidi\u00f3 hacer a un lado la escandalosa derrota que se tuvo frente a Chile en la Copa Am\u00e9rica Centenario.<\/p>\n<p>&#8220;El profesor va muy bien, ha hecho un gran trabajo; solo ha perdido un partido y no creo que haya alguna selecci\u00f3n en el mundo que tenga ese paso. Yo creo que si jugamos otra vez con Chile no perdemos 7-0. Ese d\u00eda Chile jug\u00f3 muy bien y le sali\u00f3 todo&#8221;.<\/p>\n","protected":false},"excerpt":{"rendered":"<p>Campos asegur\u00f3 que el Tricolor no perder\u00e1 contra EE.UU.<\/p>\n","protected":false},"author":129,"featured_media":441333,"comment_status":"closed","ping_status":"closed","sticky":false,"template":"","format":"standard","meta":[],"categories":[5,2198,3847],"tags":[2053],"_links":{"self":[{"href":"http:\/\/desarrollo.grupomedios.com\/futbol\/wp-json\/wp\/v2\/posts\/441328"}],"collection":[{"href":"http:\/\/desarrollo.grupomedios.com\/futbol\/wp-json\/wp\/v2\/posts"}],"about":[{"href":"http:\/\/desarrollo.grupomedios.com\/futbol\/wp-json\/wp\/v2\/types\/post"}],"author":[{"embeddable":true,"href":"http:\/\/desarrollo.grupomedios.com\/futbol\/wp-json\/wp\/v2\/users\/129"}],"replies":[{"embeddable":true,"href":"http:\/\/desarrollo.grupomedios.com\/futbol\/wp-json\/wp\/v2\/comments?post=441328"}],"version-history":[{"count":0,"href":"http:\/\/desarrollo.grupomedios.com\/futbol\/wp-json\/wp\/v2\/posts\/441328\/revisions"}],"wp:featuredmedia":[{"embeddable":true,"href":"http:\/\/desarrollo.grupomedios.com\/futbol\/wp-json\/wp\/v2\/media\/441333"}],"wp:attachment":[{"href":"http:\/\/desarrollo.grupomedios.com\/futbol\/wp-json\/wp\/v2\/media?parent=441328"}],"wp:term":[{"taxonomy":"category","embeddable":true,"href":"http:\/\/desarrollo.grupomedios.com\/futbol\/wp-json\/wp\/v2\/categories?post=441328"},{"taxonomy":"post_tag","embeddable":true,"href":"http:\/\/desarrollo.grupomedios.com\/futbol\/wp-json\/wp\/v2\/tags?post=441328"}],"curies":[{"name":"wp","href":"https:\/\/api.w.org\/{rel}","templated":true}]}}