{"id":441339,"date":"2016-11-08T09:36:05","date_gmt":"2016-11-08T15:36:05","guid":{"rendered":"https:\/\/www.futboltotal.com.mx\/?p=441339"},"modified":"2016-11-08T09:36:32","modified_gmt":"2016-11-08T15:36:32","slug":"vucetich-explica-relacion-ronaldinho","status":"publish","type":"post","link":"http:\/\/desarrollo.grupomedios.com\/futbol\/videos\/vucetich-explica-relacion-ronaldinho\/2016\/11","title":{"rendered":"Vucetich explica su relaci\u00f3n con Ronaldinho"},"content":{"rendered":"<p>El director t\u00e9cnico del <a href=\"http:\/\/www.futboltotal.com.mx\/equipos\/queretaro\/\" target=\"_blank\">Quer\u00e9taro<\/a>, <strong>V\u00edctor Manuel Vucetich<\/strong>, habl\u00f3 sobre el proyecto deportivo del club y de paso, sobre la relaci\u00f3n que tuvo con el astro brasile\u00f1o, <strong>Ronaldinho<\/strong> con quien no congeni\u00f3 debido a que el futbolista no ten\u00eda ganas de trabajar e integrarse al conjunto.<\/p>\n<p>&#8220;<strong>Ronaldinho<\/strong> fue n\u00famero uno en el mundo, un jugador con una gran calidad t\u00e9cnica, pero ahora que estaba ac\u00e1 ya no quer\u00eda jugar, no quer\u00eda responsabilidad, no deseaba trabajar y eso en el futbol hoy en d\u00eda, si no trabajas en 100 por ciento, por muy bueno que seas no vas a poder lograr lo que has hecho, o cuando menos meterte en la idea de un equipo. Entonces creo que es ah\u00ed que se tuvo que lidiar muy fuertemente con \u00e9l para que se metiera en la din\u00e1mica&#8221;, se\u00f1al\u00f3 <strong>V\u00edctor Manuel Vucetich<\/strong> en charla con la Liga MX.<\/p>\n<p style=\"text-align: center;\"><span style=\"color: #3366ff;\"><a style=\"color: #3366ff;\" href=\"https:\/\/www.futboltotal.com.mx\/2016\/11\/promesas-estancadas-la-liga-mx\/\" target=\"_blank\"><strong>LEER M\u00c1S: Promesas estancadas de la Liga MX<\/strong><\/a><\/span><\/p>\n<p><iframe loading=\"lazy\" src=\"https:\/\/www.youtube.com\/embed\/16e-9FiMOpM?feature=oembed\" frameborder=\"0\" allowfullscreen><\/iframe><\/p>\n<p>Video: Youtube Canal: Liga MX<\/p>\n<p>S\u00edguenos en Twitter: <a href=\"https:\/\/twitter.com\/MXFutbolTotal\" target=\"_blank\">@MXFutbolTotal<\/a><\/p>\n","protected":false},"excerpt":{"rendered":"<p>El Rey Midas revela por qu\u00e9 no coincidi\u00f3 con el astro brasile\u00f1o.<\/p>\n","protected":false},"author":20,"featured_media":441340,"comment_status":"closed","ping_status":"closed","sticky":false,"template":"","format":"standard","meta":[],"categories":[2198,3845,4,6433],"tags":[5970,5997,1575],"_links":{"self":[{"href":"http:\/\/desarrollo.grupomedios.com\/futbol\/wp-json\/wp\/v2\/posts\/441339"}],"collection":[{"href":"http:\/\/desarrollo.grupomedios.com\/futbol\/wp-json\/wp\/v2\/posts"}],"about":[{"href":"http:\/\/desarrollo.grupomedios.com\/futbol\/wp-json\/wp\/v2\/types\/post"}],"author":[{"embeddable":true,"href":"http:\/\/desarrollo.grupomedios.com\/futbol\/wp-json\/wp\/v2\/users\/20"}],"replies":[{"embeddable":true,"href":"http:\/\/desarrollo.grupomedios.com\/futbol\/wp-json\/wp\/v2\/comments?post=441339"}],"version-history":[{"count":0,"href":"http:\/\/desarrollo.grupomedios.com\/futbol\/wp-json\/wp\/v2\/posts\/441339\/revisions"}],"wp:featuredmedia":[{"embeddable":true,"href":"http:\/\/desarrollo.grupomedios.com\/futbol\/wp-json\/wp\/v2\/media\/441340"}],"wp:attachment":[{"href":"http:\/\/desarrollo.grupomedios.com\/futbol\/wp-json\/wp\/v2\/media?parent=441339"}],"wp:term":[{"taxonomy":"category","embeddable":true,"href":"http:\/\/desarrollo.grupomedios.com\/futbol\/wp-json\/wp\/v2\/categories?post=441339"},{"taxonomy":"post_tag","embeddable":true,"href":"http:\/\/desarrollo.grupomedios.com\/futbol\/wp-json\/wp\/v2\/tags?post=441339"}],"curies":[{"name":"wp","href":"https:\/\/api.w.org\/{rel}","templated":true}]}}