{"id":441381,"date":"2016-11-08T14:34:12","date_gmt":"2016-11-08T20:34:12","guid":{"rendered":"https:\/\/www.futboltotal.com.mx\/?p=441381"},"modified":"2016-11-08T14:34:12","modified_gmt":"2016-11-08T20:34:12","slug":"alexis-sanchez-baja-la-seleccion-chile","status":"publish","type":"post","link":"http:\/\/desarrollo.grupomedios.com\/futbol\/futbol-internacional\/alexis-sanchez-baja-la-seleccion-chile\/2016\/11","title":{"rendered":"Alexis S\u00e1nchez, baja de la selecci\u00f3n de Chile"},"content":{"rendered":"<p>El delantero <strong>Alexis S\u00e1nchez<\/strong> caus\u00f3 baja de la selecci\u00f3n chilena de futbol por una lesi\u00f3n en el tr\u00edceps femoral, la cual lo dejar\u00e1 sin posibilidades de medirse ante su similar de<strong> Colombia<\/strong> en el marco de la jornada 11 de las eliminatorias rumbo a la Copa del Mundo Rusia 2018.<\/p>\n<p>A trav\u00e9s de un comunicado la Asociaci\u00f3n Nacional de F\u00fatbol Profesional (ANFP) dio a conocer que el artillero del Arsenal sufri\u00f3 de una contractura en la pantorrilla, y especific\u00f3 que &#8220;el Cuerpo M\u00e9dico de la selecci\u00f3n informa que el jugador presenta una lesi\u00f3n muscular de bajo grado\u201d.<\/p>\n<p style=\"text-align: center;\"><a href=\"https:\/\/www.futboltotal.com.mx\/futbol-internacional\/\"><span style=\"color: #3366ff;\">LEER M\u00c1S: Todas las noticia de futbol internacional<\/span><\/a><\/p>\n<p>Por ello el t\u00e9cnico de la <em>Roja<\/em>, el espa\u00f1ol Juan Antonio Pizzi, no podr\u00e1 contar con S\u00e1nchez para el encuentro ante los cafetaleros programado para el jueves 10 de noviembre, y de no recuperarse el goleador tampoco podr\u00e1 estar frente a Uruguay el 15, en la lucha por un boleto a la contienda mundialista<\/p>\n<p>El jugador pretend\u00eda viajar con el equipo para apoya; sin embargo, el cuerpo t\u00e9cnico decidi\u00f3 dejarlo en la ciudad de Santiago para que se recupere y pueda tenerlo como alternativa para el compromiso ante los <em>Charr\u00faas<\/em>, aunque eso depender\u00e1 de su evoluci\u00f3n en la semana.<\/p>\n<p>De no mejorar se perder\u00e1 la oportunidad de ayudar a su selecci\u00f3n que actualmente alcanzar\u00eda la repesca al ocupar la quinta posici\u00f3n con 16 puntos; mientras que con su club S\u00e1nchez podr\u00eda quedar descartado para el choque frente al Manchester United a celebrarse el 19 de noviembre.<\/p>\n","protected":false},"excerpt":{"rendered":"<p>El crack se pierde el partido ante Colombia y es duda ante Uruguay<\/p>\n","protected":false},"author":20,"featured_media":441388,"comment_status":"closed","ping_status":"closed","sticky":false,"template":"","format":"standard","meta":[],"categories":[3839,5951],"tags":[6053,1669],"_links":{"self":[{"href":"http:\/\/desarrollo.grupomedios.com\/futbol\/wp-json\/wp\/v2\/posts\/441381"}],"collection":[{"href":"http:\/\/desarrollo.grupomedios.com\/futbol\/wp-json\/wp\/v2\/posts"}],"about":[{"href":"http:\/\/desarrollo.grupomedios.com\/futbol\/wp-json\/wp\/v2\/types\/post"}],"author":[{"embeddable":true,"href":"http:\/\/desarrollo.grupomedios.com\/futbol\/wp-json\/wp\/v2\/users\/20"}],"replies":[{"embeddable":true,"href":"http:\/\/desarrollo.grupomedios.com\/futbol\/wp-json\/wp\/v2\/comments?post=441381"}],"version-history":[{"count":0,"href":"http:\/\/desarrollo.grupomedios.com\/futbol\/wp-json\/wp\/v2\/posts\/441381\/revisions"}],"wp:featuredmedia":[{"embeddable":true,"href":"http:\/\/desarrollo.grupomedios.com\/futbol\/wp-json\/wp\/v2\/media\/441388"}],"wp:attachment":[{"href":"http:\/\/desarrollo.grupomedios.com\/futbol\/wp-json\/wp\/v2\/media?parent=441381"}],"wp:term":[{"taxonomy":"category","embeddable":true,"href":"http:\/\/desarrollo.grupomedios.com\/futbol\/wp-json\/wp\/v2\/categories?post=441381"},{"taxonomy":"post_tag","embeddable":true,"href":"http:\/\/desarrollo.grupomedios.com\/futbol\/wp-json\/wp\/v2\/tags?post=441381"}],"curies":[{"name":"wp","href":"https:\/\/api.w.org\/{rel}","templated":true}]}}