{"id":441501,"date":"2016-11-09T09:05:43","date_gmt":"2016-11-09T15:05:43","guid":{"rendered":"https:\/\/www.futboltotal.com.mx\/?p=441501"},"modified":"2016-11-09T09:05:43","modified_gmt":"2016-11-09T15:05:43","slug":"bale-elegido-mejor-jugador-gales-del-ano","status":"publish","type":"post","link":"http:\/\/desarrollo.grupomedios.com\/futbol\/futbol-internacional\/bale-elegido-mejor-jugador-gales-del-ano\/2016\/11","title":{"rendered":"Bale, elegido el mejor jugador gal\u00e9s del a\u00f1o"},"content":{"rendered":"<p>El atacante del Real Madrid <strong>Gareth Bale<\/strong> ha ganado por sexta vez el premio al mejor futbolista gal\u00e9s del a\u00f1o, inform\u00f3 la Federaci\u00f3n Galesa de F\u00fatbol (FAW, por sus siglas en ingl\u00e9s).<\/p>\n<p>En la gala de la vig\u00e9simo sexta edici\u00f3n de los premios de la FAW, acogido por un lujoso hotel de Cardiff, la m\u00e1xima autoridad del balompi\u00e9 gal\u00e9s celebr\u00f3 el que ha sido un a\u00f1o hist\u00f3rico para el f\u00fatbol del pa\u00eds.<\/p>\n<p style=\"text-align: center;\"><a href=\"https:\/\/www.futboltotal.com.mx\/futbol-internacional\/\"><span style=\"color: #3366ff;\">LEER M\u00c1S: Todas las noticias de futbol internacional<\/span><\/a><\/p>\n<blockquote class=\"twitter-tweet\" data-lang=\"es\">\n<p dir=\"ltr\" lang=\"en\">Massive honour to be named <a href=\"https:\/\/twitter.com\/FAWales\">@FAWales<\/a> Player of the Year! Big thank you to all the Boys, Staff and Fans <a href=\"https:\/\/twitter.com\/hashtag\/TogetherStronger?src=hash\">#TogetherStronger<\/a> <a href=\"https:\/\/t.co\/5ORt6ksQZj\">pic.twitter.com\/5ORt6ksQZj<\/a><\/p>\n<p>\u2014 Gareth Bale (@GarethBale11) <a href=\"https:\/\/twitter.com\/GarethBale11\/status\/796134507602710528\">8 de noviembre de 2016<\/a><\/p><\/blockquote>\n<p><script async src=\"\/\/platform.twitter.com\/widgets.js\" charset=\"utf-8\"><\/script><br \/>\nLos <em>Dragones<\/em>, liderados por <strong>Bale<\/strong>, Aaron Ramsey y Joe Allen, llegaron a las semifinales de la Eurocopa de Francia 2016, en el que fue su primer gran torneo de selecciones en los \u00faltimos 58 a\u00f1os.<\/p>\n<p><strong>Bale<\/strong> se llev\u00f3 el premio al mejor jugador del a\u00f1o por cuarta temporada consecutiva, en una gala que condecor\u00f3 a Allen como mejor futbolista del a\u00f1o para aficionados y compa\u00f1eros, a Ethan Ampadu (Exeter), de 16 a\u00f1os, como mejor joven, y a Natasha Harding como mejor jugadora del a\u00f1o.<\/p>\n<p>Adem\u00e1s, la FAW quiso premiar tambi\u00e9n la excelente campa\u00f1a de Gales en la Eurocopa con una secci\u00f3n especial de premios: Ramsey se llev\u00f3 el galard\u00f3n a mejor futbolista del torneo, Hal Robson-Kanu gan\u00f3 el premio a mejor gol gal\u00e9s del campeonato y Ben Davies logr\u00f3 el galard\u00f3n a momento del torneo.<\/p>\n<p>El seleccionador de los <em>Dragones<\/em>, Chris Coleman, recibi\u00f3 un premio especial de la FAW en reconocimiento por lo que &#8220;ning\u00fan otro entrenador de Gales hab\u00eda logrado antes&#8221;, al guiar al equipo hasta las semifinales de la competici\u00f3n.<\/p>\n","protected":false},"excerpt":{"rendered":"<p>El crack se llev\u00f3 el galard\u00f3n por cuarta temporada consecutiva<\/p>\n","protected":false},"author":20,"featured_media":441503,"comment_status":"closed","ping_status":"closed","sticky":false,"template":"","format":"standard","meta":[],"categories":[3839,5951],"tags":[6043,5988],"_links":{"self":[{"href":"http:\/\/desarrollo.grupomedios.com\/futbol\/wp-json\/wp\/v2\/posts\/441501"}],"collection":[{"href":"http:\/\/desarrollo.grupomedios.com\/futbol\/wp-json\/wp\/v2\/posts"}],"about":[{"href":"http:\/\/desarrollo.grupomedios.com\/futbol\/wp-json\/wp\/v2\/types\/post"}],"author":[{"embeddable":true,"href":"http:\/\/desarrollo.grupomedios.com\/futbol\/wp-json\/wp\/v2\/users\/20"}],"replies":[{"embeddable":true,"href":"http:\/\/desarrollo.grupomedios.com\/futbol\/wp-json\/wp\/v2\/comments?post=441501"}],"version-history":[{"count":0,"href":"http:\/\/desarrollo.grupomedios.com\/futbol\/wp-json\/wp\/v2\/posts\/441501\/revisions"}],"wp:featuredmedia":[{"embeddable":true,"href":"http:\/\/desarrollo.grupomedios.com\/futbol\/wp-json\/wp\/v2\/media\/441503"}],"wp:attachment":[{"href":"http:\/\/desarrollo.grupomedios.com\/futbol\/wp-json\/wp\/v2\/media?parent=441501"}],"wp:term":[{"taxonomy":"category","embeddable":true,"href":"http:\/\/desarrollo.grupomedios.com\/futbol\/wp-json\/wp\/v2\/categories?post=441501"},{"taxonomy":"post_tag","embeddable":true,"href":"http:\/\/desarrollo.grupomedios.com\/futbol\/wp-json\/wp\/v2\/tags?post=441501"}],"curies":[{"name":"wp","href":"https:\/\/api.w.org\/{rel}","templated":true}]}}