{"id":441541,"date":"2016-11-09T13:37:12","date_gmt":"2016-11-09T19:37:12","guid":{"rendered":"https:\/\/www.futboltotal.com.mx\/?p=441541"},"modified":"2016-11-09T13:37:12","modified_gmt":"2016-11-09T19:37:12","slug":"seria-bonito-llegar-a-la-liguilla-michel-garcia","status":"publish","type":"post","link":"http:\/\/desarrollo.grupomedios.com\/futbol\/futbol-mexicano\/seria-bonito-llegar-a-la-liguilla-michel-garcia\/2016\/11","title":{"rendered":"Ser\u00eda bonito llegar a la liguilla: Michel Garc\u00eda"},"content":{"rendered":"<p>El mediocampista <strong>Michel Garc\u00eda<\/strong> asegur\u00f3 que los Rayos del Necaxa dieron un paso importante en su intento por mantenerse en la Liga MX al vencer 3-1 al Puebla en la jornada 16 del torneo disputada el pasado s\u00e1bado. &#8220;Sab\u00edamos que el partido del fin de semana pasado era muy importante. Mostramos personalidad y el equipo supo manejar el partido&#8221;.<\/p>\n<p style=\"text-align: center;\"><a href=\"https:\/\/www.futboltotal.com.mx\/2016\/11\/podra-chicharito-fin-maximo-goleador-del-tri\/\"><span style=\"color: #3366ff;\">LEER M\u00c1S: \u00bfPodr\u00e1 Chicharito por fin ser el m\u00e1ximo goleador del Tri?<\/span><\/a><\/p>\n<p>Luego <strong>Michel<\/strong> destac\u00f3 el buen torneo que ha tenido el plantel dirigido por Alfonso Sosa: &#8220;El equipo se ha conjuntado muy bien y se han sacado puntos muy importantes en busca del objetivo de la permanencia en el m\u00e1ximo circuito&#8221;.<\/p>\n<blockquote class=\"twitter-tweet\" data-width=\"500\">\n<p lang=\"es\" dir=\"ltr\">Disfrutando cada d\u00eda de estar en Primera Divisi\u00f3n; Michel Garc\u00eda <a href=\"https:\/\/twitter.com\/hashtag\/UnidosNadaNosDetiene?src=hash\">#UnidosNadaNosDetiene<\/a> <a href=\"https:\/\/t.co\/8kirq4Lvz3\">pic.twitter.com\/8kirq4Lvz3<\/a><\/p>\n<p>&mdash; Club Necaxa (@ClubNecaxa) <a href=\"https:\/\/twitter.com\/ClubNecaxa\/status\/796431733113626624\">November 9, 2016<\/a><\/p><\/blockquote>\n<p><script async src=\"\/\/platform.twitter.com\/widgets.js\" charset=\"utf-8\"><\/script><\/p>\n<p>En rueda de prensa al terminar el entrenamiento previo al partido amistoso que los Rayos sostendr\u00e1n este fin de semana ante Atlas, Michel <strong>Garc\u00eda<\/strong> manifest\u00f3 su confianza en obtener un buen resultado en el choque ante el Guadalajara del s\u00e1bado 19 de noviembre, correspondiente a la \u00faltima jornada de la fase regular del Apertura 2016: \u201cSer\u00e1 un partido dif\u00edcil, Chivas es un gran equipo, hemos mostrado buena cara de visitante, siempre con personalidad y tratando de traernos los tres puntos\u201d. Y con ilusi\u00f3n <strong>Garc\u00eda<\/strong> dijo: &#8220;Llegar a la liguilla ser\u00eda bastante bonito, pero para eso hay que ganar el fin de semana, vamos paso a paso\u201d.<\/p>\n<p style=\"text-align: center;\"><a href=\"https:\/\/www.futboltotal.com.mx\/2016\/11\/seleccion-mexicana-condenada-al-dos-a-cero\/\"><span style=\"color: #3366ff;\">LEER M\u00c1S: \u00bfTRI condenado al Dos a Cero?<\/span><\/a><\/p>\n<p>En estos momentos, Necaxa est\u00e1 ubicado en sexto lugar de la tabla general con 25 puntos, por encima de Pumas y Toluca, que tienen 24; Le\u00f3n, con 23, y Monterrey con 22, por lo que con un triunfo ante el Reba\u00f1o asegurar\u00eda su calificaci\u00f3n sin importar lo que hagan sus rivales cercanos.<\/p>\n<p>&nbsp;<\/p>\n","protected":false},"excerpt":{"rendered":"<p>Asegura que el primer objetivo del equipo ser\u00e1 mantenerse en la Liga MX.<\/p>\n","protected":false},"author":127,"featured_media":441555,"comment_status":"closed","ping_status":"closed","sticky":false,"template":"","format":"standard","meta":[],"categories":[2198,3845],"tags":[7577,261],"_links":{"self":[{"href":"http:\/\/desarrollo.grupomedios.com\/futbol\/wp-json\/wp\/v2\/posts\/441541"}],"collection":[{"href":"http:\/\/desarrollo.grupomedios.com\/futbol\/wp-json\/wp\/v2\/posts"}],"about":[{"href":"http:\/\/desarrollo.grupomedios.com\/futbol\/wp-json\/wp\/v2\/types\/post"}],"author":[{"embeddable":true,"href":"http:\/\/desarrollo.grupomedios.com\/futbol\/wp-json\/wp\/v2\/users\/127"}],"replies":[{"embeddable":true,"href":"http:\/\/desarrollo.grupomedios.com\/futbol\/wp-json\/wp\/v2\/comments?post=441541"}],"version-history":[{"count":0,"href":"http:\/\/desarrollo.grupomedios.com\/futbol\/wp-json\/wp\/v2\/posts\/441541\/revisions"}],"wp:featuredmedia":[{"embeddable":true,"href":"http:\/\/desarrollo.grupomedios.com\/futbol\/wp-json\/wp\/v2\/media\/441555"}],"wp:attachment":[{"href":"http:\/\/desarrollo.grupomedios.com\/futbol\/wp-json\/wp\/v2\/media?parent=441541"}],"wp:term":[{"taxonomy":"category","embeddable":true,"href":"http:\/\/desarrollo.grupomedios.com\/futbol\/wp-json\/wp\/v2\/categories?post=441541"},{"taxonomy":"post_tag","embeddable":true,"href":"http:\/\/desarrollo.grupomedios.com\/futbol\/wp-json\/wp\/v2\/tags?post=441541"}],"curies":[{"name":"wp","href":"https:\/\/api.w.org\/{rel}","templated":true}]}}