{"id":441563,"date":"2016-11-09T13:54:07","date_gmt":"2016-11-09T19:54:07","guid":{"rendered":"https:\/\/www.futboltotal.com.mx\/?p=441563"},"modified":"2016-11-09T18:10:43","modified_gmt":"2016-11-10T00:10:43","slug":"chicharito-compite-mejor-gol-la-historia-bundesliga","status":"publish","type":"post","link":"http:\/\/desarrollo.grupomedios.com\/futbol\/destacado-home\/chicharito-compite-mejor-gol-la-historia-bundesliga\/2016\/11","title":{"rendered":"Chicharito, nominado a mejor gol hist\u00f3rico de Bundesliga"},"content":{"rendered":"<p><strong>Javier <em>el Chicharito<\/em> Hern\u00e1ndez<\/strong> sigue causando sensaci\u00f3n en la <strong>Bundesliga<\/strong>, ahora por que una anotaci\u00f3n que le hizo al Wolfsburgo, est\u00e1 nominada a mejor gol latino de la historia de la liga de Alemania. El mexicano compite con el chileno Arturo Vidal, el peruano Claudio Pizarro, el espa\u00f1ol Ra\u00fal y el brasile\u00f1o Grafite.<\/p>\n<p>A algunos les parecer\u00e1 extra\u00f1o la nominaci\u00f3n del espa\u00f1ol Ra\u00fal, debido a que el t\u00e9rmino latino es com\u00fanmente utilizado en personas nacidas en Latinoam\u00e9rica; sin embargo en Europa, tambi\u00e9n se les llama as\u00ed a los nacidos en pa\u00edses con lengua derivada del lat\u00edn.<\/p>\n<p>&#8220;Han sido muchos los goles latinos anotados en la <strong>Bundesliga<\/strong> a lo largo de su historia. Remates imposibles, grandes disparos y certeros cabezazos, todos ellos con el inconfundible sello latino. Por este motivo, la Bundesliga en Espa\u00f1ol ha decidido lanzar un concurso muy especial a trav\u00e9s de twitter&#8221;, indic\u00f3 la cuenta del balompi\u00e9<em> teut\u00f3n<\/em>.<\/p>\n<p style=\"text-align: center;\"><span style=\"color: #3366ff;\"><a style=\"color: #3366ff;\" href=\"https:\/\/www.futboltotal.com.mx\/2016\/11\/seleccion-mexicana-condenada-al-dos-a-cero\/\" target=\"_blank\"><strong>LEER M\u00c1S: Las noches del TRI en Columbus<\/strong><\/a><\/span><\/p>\n<blockquote class=\"twitter-video\" data-lang=\"es\">\n<p dir=\"ltr\" lang=\"es\">\u00a15\u20e3 candidatos, 5\u20e3\u26bd! \u00bfCu\u00e1l ser\u00e1 elegido mejor gol latino de la historia de la <a href=\"https:\/\/twitter.com\/hashtag\/Bundesliga?src=hash\">#Bundesliga<\/a>? &#x1f449; <a href=\"https:\/\/t.co\/R0uv93t2Hm\">https:\/\/t.co\/R0uv93t2Hm<\/a> <a href=\"https:\/\/t.co\/NkobZ9pu41\">https:\/\/t.co\/NkobZ9pu41<\/a><\/p>\n<p>\u2014 Bundesliga Espa\u00f1ol (@Bundesliga_ES) <a href=\"https:\/\/twitter.com\/Bundesliga_ES\/status\/796397384309686274\">9 de noviembre de 2016<\/a><\/p><\/blockquote>\n<p><script async src=\"\/\/platform.twitter.com\/widgets.js\" charset=\"utf-8\"><\/script><\/p>\n<p><strong>S\u00edguenos en Twitter<\/strong>: <a href=\"https:\/\/twitter.com\/MXFutbolTotal\" target=\"_blank\">@MXFutbolTotal<\/a><\/p>\n","protected":false},"excerpt":{"rendered":"<p>El mexicano est\u00e1 en el top 5 de anotaciones latinas<\/p>\n","protected":false},"author":20,"featured_media":439783,"comment_status":"closed","ping_status":"closed","sticky":false,"template":"","format":"standard","meta":[],"categories":[5,3839,6822,6718],"tags":[4335,120],"_links":{"self":[{"href":"http:\/\/desarrollo.grupomedios.com\/futbol\/wp-json\/wp\/v2\/posts\/441563"}],"collection":[{"href":"http:\/\/desarrollo.grupomedios.com\/futbol\/wp-json\/wp\/v2\/posts"}],"about":[{"href":"http:\/\/desarrollo.grupomedios.com\/futbol\/wp-json\/wp\/v2\/types\/post"}],"author":[{"embeddable":true,"href":"http:\/\/desarrollo.grupomedios.com\/futbol\/wp-json\/wp\/v2\/users\/20"}],"replies":[{"embeddable":true,"href":"http:\/\/desarrollo.grupomedios.com\/futbol\/wp-json\/wp\/v2\/comments?post=441563"}],"version-history":[{"count":0,"href":"http:\/\/desarrollo.grupomedios.com\/futbol\/wp-json\/wp\/v2\/posts\/441563\/revisions"}],"wp:featuredmedia":[{"embeddable":true,"href":"http:\/\/desarrollo.grupomedios.com\/futbol\/wp-json\/wp\/v2\/media\/439783"}],"wp:attachment":[{"href":"http:\/\/desarrollo.grupomedios.com\/futbol\/wp-json\/wp\/v2\/media?parent=441563"}],"wp:term":[{"taxonomy":"category","embeddable":true,"href":"http:\/\/desarrollo.grupomedios.com\/futbol\/wp-json\/wp\/v2\/categories?post=441563"},{"taxonomy":"post_tag","embeddable":true,"href":"http:\/\/desarrollo.grupomedios.com\/futbol\/wp-json\/wp\/v2\/tags?post=441563"}],"curies":[{"name":"wp","href":"https:\/\/api.w.org\/{rel}","templated":true}]}}