{"id":441666,"date":"2016-11-10T09:11:35","date_gmt":"2016-11-10T15:11:35","guid":{"rendered":"https:\/\/www.futboltotal.com.mx\/?p=441666"},"modified":"2016-11-10T09:11:35","modified_gmt":"2016-11-10T15:11:35","slug":"marco-verratti-rechaza-llegar-al-real-madrid","status":"publish","type":"post","link":"http:\/\/desarrollo.grupomedios.com\/futbol\/futbol-internacional\/marco-verratti-rechaza-llegar-al-real-madrid\/2016\/11","title":{"rendered":"Marco Verratti rechaza llegar al Real Madrid"},"content":{"rendered":"<p>El centrocampista del Par\u00eds Saint Germain y de la selecci\u00f3n italiana <strong>Marco Verratti<\/strong> asegur\u00f3 hoy que en este momento no piensa en fichar por el Real Madrid u otros grandes clubes porque se siente &#8220;parte de una familia&#8221; en el equipo franc\u00e9s.<\/p>\n<blockquote class=\"twitter-tweet\" data-width=\"500\">\n<p lang=\"it\" dir=\"ltr\"><a href=\"https:\/\/twitter.com\/hashtag\/Nazionale?src=hash\">#Nazionale<\/a> <a href=\"https:\/\/twitter.com\/hashtag\/Coverciano?src=hash\">#Coverciano<\/a><a href=\"https:\/\/twitter.com\/hashtag\/Verratti?src=hash\">#Verratti<\/a>: \u201cLa presenza di tanti giovani mi responsabilizza, vogliamo il primo posto\u201d<br \/>More: <a href=\"https:\/\/t.co\/FXbK6VH9P8\">https:\/\/t.co\/FXbK6VH9P8<\/a> <a href=\"https:\/\/t.co\/E1LpJWEwo7\">pic.twitter.com\/E1LpJWEwo7<\/a><\/p>\n<p>&mdash; Nazionale Italiana (@Vivo_Azzurro) <a href=\"https:\/\/twitter.com\/Vivo_Azzurro\/status\/796712783396171776\">November 10, 2016<\/a><\/p><\/blockquote>\n<p><script async src=\"\/\/platform.twitter.com\/widgets.js\" charset=\"utf-8\"><\/script><\/p>\n<p><strong>Verratti<\/strong> admiti\u00f3 que le &#8220;alegra que muchos grandes clubes se fijen&#8221; en \u00e9l aunque destac\u00f3 que su objetivo es &#8220;ganar la Liga de Campeones&#8221; con el PSG, en una rueda de prensa realizada desde la concentraci\u00f3n de Italia en Coverciano (Florencia, centro).<\/p>\n<p>&#8220;Me alegra que muchos grandes clubes se fijen en m\u00ed pero ahora pienso en ganar la Liga de Campeones con el Par\u00eds y a mejorar. Cada a\u00f1o puede ser m\u00e1gico y espero que este lo sea&#8221;, afirm\u00f3.<\/p>\n<p>Adem\u00e1s consider\u00f3 que &#8220;ahora no es el momento para hablar de mercado&#8221; y asegur\u00f3 que no tiene intenciones de dejar Par\u00eds por encontrarse &#8220;muy bien&#8221;.<\/p>\n<p style=\"text-align: center;\"><span style=\"color: #3366ff;\"><a style=\"color: #3366ff;\" href=\"https:\/\/www.futboltotal.com.mx\/2016\/11\/olviden-a-trump-en-estados-unidos-vs-mexico-bradley\/\">LEER M\u00c1S: Olviden a Trump durante el EU vs TRI: Bradley<\/a><\/span><\/p>\n<p>Preguntado sobre las razones por las que no piensa en el Real Madrid, <strong>Verratti<\/strong> consider\u00f3 que se siente parte de un grupo muy unido en Francia.<\/p>\n<p>&#8220;Me siento parte de una familia, de un proyecto empezado hace cinco a\u00f1os junto con otros compa\u00f1eros con los que quiero seguir intentando ganar trofeos. Ahora me siento muy bien&#8221;, dijo.<\/p>\n<p>El medio italiano, ya una pieza clave de la selecci\u00f3n italiana, neg\u00f3 que su valor pueda acercarse a los cien millones de euros y destac\u00f3 que, en su opini\u00f3n, ning\u00fan futbolista deber\u00eda valer tanto.<\/p>\n<p>&#8220;Ning\u00fan jugador deber\u00eda valer tanto. Yo empec\u00e9 desde la nada, me da risa pensar en esa cantidad de dinero. Es feo porque adem\u00e1s luego la gente piensa que un jugador pueda decidir un partido por s\u00ed mismo&#8221;, asegur\u00f3.<\/p>\n<p>En lo relativo a la plantilla de la selecci\u00f3n <em>azzurra<\/em>, <strong>Verratti<\/strong> dijo que hay &#8220;serenidad y despreocupaci\u00f3n&#8221;.<\/p>\n<p>&#8220;Es un equipo lleno de j\u00f3venes. Se vive serenidad y despreocupaci\u00f3n. Los jugadores como (Gianluigi) Buffon y (Daniele) De Rossi dan el ejemplo y tenemos que seguirles. Yo quiero dar el m\u00e1ximo por la selecci\u00f3n&#8221;, subray\u00f3. EFE<\/p>\n","protected":false},"excerpt":{"rendered":"<p>Verratti se dijo feliz por ser parte de la familia del PSG<\/p>\n","protected":false},"author":144,"featured_media":415148,"comment_status":"closed","ping_status":"closed","sticky":false,"template":"","format":"standard","meta":[],"categories":[3839,5951],"tags":[4086,5988],"_links":{"self":[{"href":"http:\/\/desarrollo.grupomedios.com\/futbol\/wp-json\/wp\/v2\/posts\/441666"}],"collection":[{"href":"http:\/\/desarrollo.grupomedios.com\/futbol\/wp-json\/wp\/v2\/posts"}],"about":[{"href":"http:\/\/desarrollo.grupomedios.com\/futbol\/wp-json\/wp\/v2\/types\/post"}],"author":[{"embeddable":true,"href":"http:\/\/desarrollo.grupomedios.com\/futbol\/wp-json\/wp\/v2\/users\/144"}],"replies":[{"embeddable":true,"href":"http:\/\/desarrollo.grupomedios.com\/futbol\/wp-json\/wp\/v2\/comments?post=441666"}],"version-history":[{"count":0,"href":"http:\/\/desarrollo.grupomedios.com\/futbol\/wp-json\/wp\/v2\/posts\/441666\/revisions"}],"wp:featuredmedia":[{"embeddable":true,"href":"http:\/\/desarrollo.grupomedios.com\/futbol\/wp-json\/wp\/v2\/media\/415148"}],"wp:attachment":[{"href":"http:\/\/desarrollo.grupomedios.com\/futbol\/wp-json\/wp\/v2\/media?parent=441666"}],"wp:term":[{"taxonomy":"category","embeddable":true,"href":"http:\/\/desarrollo.grupomedios.com\/futbol\/wp-json\/wp\/v2\/categories?post=441666"},{"taxonomy":"post_tag","embeddable":true,"href":"http:\/\/desarrollo.grupomedios.com\/futbol\/wp-json\/wp\/v2\/tags?post=441666"}],"curies":[{"name":"wp","href":"https:\/\/api.w.org\/{rel}","templated":true}]}}